{"id":9059,"date":"2018-01-14T10:47:39","date_gmt":"2018-01-14T09:47:39","guid":{"rendered":"https:\/\/www.vtc-limousine.fr\/?p=9059"},"modified":"2026-03-27T13:06:51","modified_gmt":"2026-03-27T13:06:51","slug":"motorista-privado-cannes-lions","status":"publish","type":"post","link":"https:\/\/www.vtc-limousine.fr\/pt\/motorista-privado-cannes-lions\/","title":{"rendered":"Chauffeur privado CANNES LIONS"},"content":{"rendered":"<p><!-- HEADER : Ancrage Local & Prestige --><\/p>\n<div style=\"background-color: #0a1128; color: #ffffff; padding: 100px 20px; text-align: center; border-bottom: 3px solid #c5a059; background-image: linear-gradient(rgba(10,17,40,0.8), rgba(10,17,40,0.8)), url('https:\/\/www.vtc-limousine.fr\/wp-content\/uploads\/2018\/01\/7678705-11873882-300x159.jpg'); background-size: cover; background-position: center;\">\n<h1 style=\"font-family: 'Times New Roman', serif; font-size: 3.5em; text-transform: uppercase; letter-spacing: 4px; margin: 0; font-weight: 300;\">Motorista privado <a style=\"color: #ffffff; text-decoration: none;\" href=\"https:\/\/www.canneslions.com\" target=\"_blank\" rel=\"noopener\">CANNES LIONS<\/a> 2026<\/h1>\n<p style=\"color: #c5a059; font-size: 1.4em; text-transform: uppercase; letter-spacing: 5px; margin-top: 25px; font-weight: 400;\">Grand Remise Log\u00edstica &amp; Frota Eco-Respons\u00e1vel<\/p>\n<\/div>\n<p><!-- SECTION STRAT\u00c9GIQUE : Cible Agences & Yachting --><\/p>\n<div style=\"max-width: 1000px; margin: 60px auto; padding: 0 20px; line-height: 2; color: #1a1a1a; text-align: center; font-family: 'Helvetica Neue', Helvetica, Arial, sans-serif;\">\n<h2 style=\"color: #0a1128; font-family: 'Times New Roman', serif; text-transform: uppercase; letter-spacing: 2px; font-weight: 400; margin-bottom: 30px;\">O parceiro de transportes para os decisores da Croisette<\/h2>\n<p style=\"font-size: 1.25em; font-weight: 300; color: #444;\">Situada no cora\u00e7\u00e3o da regi\u00e3o, a Class-eDriver Limousine est\u00e1 a implementar um sistema especial para a <strong>Festival Internacional da Criatividade<\/strong>. Apoiamos ag\u00eancias de publicidade, empresas do CAC 40 e delega\u00e7\u00f5es internacionais com a nossa experi\u00eancia \u00fanica em \u00e1reas-chave: <strong>Aeroporto de Cannes-Mandelieu (FBO)<\/strong>Palais des Festivals e heliportos da Riviera.<\/p>\n<\/div>\n<p><!-- GRILLE DE SERVICES : Terminologie Expert (DeepL Ready) --><\/p>\n<div style=\"display: flex; flex-wrap: wrap; gap: 30px; max-width: 1200px; margin: 50px auto; justify-content: center; padding: 0 20px;\">\n<div style=\"flex: 1; min-width: 300px; background: #fdfdfd; padding: 45px 30px; border: 1px solid #f0f0f0; border-top: 5px solid #c5a059; text-align: center;\">\n<h3 style=\"color: #0a1128; text-transform: uppercase; font-size: 1.1em; letter-spacing: 1px; margin-bottom: 20px;\">Disponibilidade (conforme indicado)<\/h3>\n<p style=\"font-size: 0.95em; color: #666;\">Servi\u00e7o de motorista topo de gama, \u00e0 hora ou ao dia, para as suas delega\u00e7\u00f5es e reuni\u00f5es confidenciais em iates ou em villas privadas.<\/p>\n<\/div>\n<div style=\"flex: 1; min-width: 300px; background: #fdfdfd; padding: 45px 30px; border: 1px solid #f0f0f0; border-top: 5px solid #c5a059; text-align: center;\">\n<h3 style=\"color: #0a1128; text-transform: uppercase; font-size: 1.1em; letter-spacing: 1px; margin-bottom: 20px;\">Transfer\u00eancias de aeronaves privadas (FBO)<\/h3>\n<p style=\"font-size: 0.95em; color: #666;\">Boas-vindas VIP personalizadas nos terminais <strong>Sky Valet<\/strong> ou <strong>Suporte de voo de assinatura<\/strong> de Cannes e Nice para os seus passageiros UHNW.<\/p>\n<\/div>\n<div style=\"flex: 1; min-width: 300px; background: #fdfdfd; padding: 45px 30px; border: 1px solid #f0f0f0; border-top: 5px solid #c5a059; text-align: center;\">\n<h3 style=\"color: #0a1128; text-transform: uppercase; font-size: 1.1em; letter-spacing: 1px; margin-bottom: 20px;\">Coordena\u00e7\u00e3o de eventos (DMC)<\/h3>\n<p style=\"font-size: 0.95em; color: #666;\">Gest\u00e3o de v\u00e1rios ve\u00edculos para ag\u00eancias de publicidade, festas privadas e log\u00edstica de produ\u00e7\u00e3o entre Nice (NCE) e a Croisette.<\/p>\n<\/div>\n<\/div>\n<p><!-- FLOTTE : Visuels C\u00f4te \u00e0 C\u00f4te --><\/p>\n<div style=\"background-color: #ffffff; padding: 80px 20px; max-width: 1300px; margin: 0 auto;\">\n<h2 style=\"text-align: center; color: #0a1128; font-family: 'Times New Roman', serif; text-transform: uppercase; letter-spacing: 3px; margin-bottom: 70px;\">Uma frota de elite para um festival excecional<\/h2>\n<div style=\"display: flex; flex-wrap: nowrap; gap: 20px; justify-content: center; align-items: flex-start;\">\n<p><!-- Mercedes EQS --><\/p>\n<div style=\"flex: 1; text-align: center; min-width: 0;\"><a style=\"text-decoration: none;\" href=\"https:\/\/www.vtc-limousine.fr\/pt\/os-nossos-veiculos\/\"><br \/>\n<img decoding=\"async\" style=\"width: 100%; height: auto; border-radius: 4px; box-shadow: 0 4px 15px rgba(0,0,0,0.1);\" src=\"https:\/\/www.vtc-limousine.fr\/wp-content\/uploads\/2023\/07\/IMG_6976-1024x879.jpeg\" alt=\"Mercedes EQS Le\u00f5es de Cannes\" \/><\/a><\/p>\n<h4 style=\"margin: 20px 0 5px; color: #0a1128; letter-spacing: 1px; font-size: 0.9em; min-height: 40px;\">MERCEDES EQS<br \/>\n100% EL\u00c9CTRICO<\/h4>\n<p>&nbsp;<\/p>\n<p style=\"font-size: 0.75em; color: #c5a059; text-transform: uppercase; font-weight: bold; letter-spacing: 1px; margin-top: 10px;\">Luxo Silencioso (3 passageiros)<\/p>\n<\/div>\n<p><!-- Classe S --><\/p>\n<div style=\"flex: 1; text-align: center; min-width: 0;\"><a style=\"text-decoration: none;\" href=\"https:\/\/www.vtc-limousine.fr\/pt\/os-nossos-veiculos\/\"><br \/>\n<img decoding=\"async\" style=\"width: 100%; height: auto; border-radius: 4px; box-shadow: 0 4px 15px rgba(0,0,0,0.1);\" src=\"https:\/\/www.vtc-limousine.fr\/wp-content\/uploads\/2022\/03\/New-MB-S-Class-jpg-1024x731.jpg\" alt=\"Mercedes Classe S Le\u00f5es de Cannes\" \/><\/a><\/p>\n<h4 style=\"margin: 20px 0 5px; color: #0a1128; letter-spacing: 1px; font-size: 0.9em; min-height: 40px;\">MERCEDES<br \/>\nCLASSE S<\/h4>\n<p>&nbsp;<\/p>\n<p style=\"font-size: 0.75em; color: #c5a059; text-transform: uppercase; font-weight: bold; letter-spacing: 1px; margin-top: 10px;\">Le Standard Incontournable (3 Passageiros)<\/p>\n<\/div>\n<p><!-- Classe V --><\/p>\n<div style=\"flex: 1; text-align: center; min-width: 0;\"><a style=\"text-decoration: none;\" href=\"https:\/\/www.vtc-limousine.fr\/pt\/classe-edriver-limousine\/os-nossos-veiculos\/mercedes-v-class-luxury\/\"><br \/>\n<img decoding=\"async\" style=\"width: 100%; height: auto; border-radius: 4px; box-shadow: 0 4px 15px rgba(0,0,0,0.1);\" src=\"https:\/\/www.vtc-limousine.fr\/wp-content\/uploads\/2024\/02\/53D5A29E-043F-47C6-B55B-A42E6C802A7B_1_201_a-e1734776499158-1024x590.jpeg\" alt=\"Mercedes Classe V Le\u00f5es de Cannes\" \/><\/a><\/p>\n<h4 style=\"margin: 20px 0 5px; color: #0a1128; letter-spacing: 1px; font-size: 0.9em; min-height: 40px;\">MERCEDES V CLASS<br \/>\nEQV EL\u00c9CTRICO<\/h4>\n<p>&nbsp;<\/p>\n<p style=\"font-size: 0.75em; color: #c5a059; text-transform: uppercase; font-weight: bold; letter-spacing: 1px; margin-top: 10px;\">Equipas e Villas (7 Passageiros)<\/p>\n<\/div>\n<\/div>\n<\/div>\n<p><!-- SECTION CONFIANCE : \"Local Expertise\" --><\/p>\n<div style=\"background-color: #0a1128; color: #ffffff; padding: 90px 20px;\">\n<div style=\"max-width: 1200px; margin: 0 auto; display: flex; flex-wrap: wrap; gap: 60px; align-items: center;\">\n<div style=\"flex: 1.2; min-width: 320px;\">\n<h2 style=\"color: #c5a059; font-family: 'Times New Roman', serif; text-transform: uppercase; font-size: 2.2em; margin-bottom: 35px;\">Experi\u00eancia local e excel\u00eancia internacional<\/h2>\n<ul style=\"list-style: none; padding: 0; font-size: 1.1em; line-height: 1.8;\">\n<li style=\"margin-bottom: 25px; border-left: 3px solid #c5a059; padding-left: 20px;\"><strong><a style=\"color: #ffffff; text-decoration: underline;\" href=\"https:\/\/www.vtc-limousine.fr\/pt\/fr\/nos-chauffeurs\/\">Condutores<\/a> Embaixadores :<\/strong> Bilingue, discreto e formado nas exig\u00eancias dos eventos de luxo (Lions, FIF, MIPIM).<\/li>\n<li style=\"margin-bottom: 25px; border-left: 3px solid #c5a059; padding-left: 20px;\"><strong>\u00c1rea de clientes Pro :<\/strong> Acompanhamento em linha das suas reservas, do motorista e dos dados do motorista <a style=\"color: #c5a059; text-decoration: underline;\" href=\"https:\/\/www.vtc-limousine.fr\/en\/client-area\/\">fatura\u00e7\u00e3o central<\/a> para assistentes.<\/li>\n<li style=\"margin-bottom: 25px; border-left: 3px solid #c5a059; padding-left: 20px;\"><strong>Gest\u00e3o de moradias :<\/strong> Transporte dedicado para as suas equipas baseadas em Mougins, Super Cannes ou Antibes.<\/li>\n<\/ul>\n<\/div>\n<div style=\"flex: 0.8; min-width: 320px; text-align: center;\"><img decoding=\"async\" style=\"width: 100%; border-radius: 4px; box-shadow: 0 10px 30px rgba(0,0,0,0.3);\" src=\"https:\/\/www.vtc-limousine.fr\/wp-content\/uploads\/2024\/04\/Classe-E-Driver-Au-chateau-Lr-25-copie-1024x683.jpg\" alt=\"Servi\u00e7o de limusina Classe-eMotorista\" \/><\/div>\n<\/div>\n<\/div>\n<p><!-- CTA : Urgence & Conversion --><\/p>\n<div style=\"text-align: center; padding: 120px 20px; background-color: #fcfcfc;\">\n<h3 style=\"font-family: 'Times New Roman', serif; font-size: 2.5em; color: #0a1128; text-transform: uppercase; margin-bottom: 30px; font-weight: 300;\">Planeje a log\u00edstica do Lions 2026<\/h3>\n<p style=\"margin-bottom: 50px; color: #666; font-size: 1.3em; max-width: 800px; margin-left: auto; margin-right: auto;\">As nossas reservas para a quinzena de junho s\u00e3o limitadas. Contacte o nosso gabinete dedicado para obter um or\u00e7amento priorit\u00e1rio.<\/p>\n<p><a style=\"background-color: #0a1128; color: #c5a059; padding: 25px 70px; text-decoration: none; font-weight: bold; text-transform: uppercase; letter-spacing: 3px; border: 1px solid #0a1128; transition: 0.4s; display: inline-block;\" href=\"https:\/\/www.vtc-limousine.fr\/en\/book-your-private-driver\/\">Contactar a equipa de reservas<\/a><\/p>\n<\/div>","protected":false},"excerpt":{"rendered":"<p>Chauffeur Priv\u00e9 CANNES LIONS 2026 Grande Remise Log\u00edstica &amp; Frota Eco-Respons\u00e1vel Parceiro de transporte dos decisores da Croisette Situada no cora\u00e7\u00e3o da regi\u00e3o, a Class-eDriver Limousine est\u00e1 a implementar um servi\u00e7o especial para o Festival Internacional da Criatividade. Acompanhamos as ag\u00eancias de publicidade, as empresas do CAC 40 e as delega\u00e7\u00f5es internacionais com [...]<\/p>","protected":false},"author":1,"featured_media":9534,"comment_status":"closed","ping_status":"closed","sticky":false,"template":"","format":"standard","meta":{"footnotes":""},"categories":[16],"tags":[],"class_list":["post-9059","post","type-post","status-publish","format-standard","has-post-thumbnail","hentry","category-actualites"],"_links":{"self":[{"href":"https:\/\/www.vtc-limousine.fr\/pt\/wp-json\/wp\/v2\/posts\/9059","targetHints":{"allow":["GET"]}}],"collection":[{"href":"https:\/\/www.vtc-limousine.fr\/pt\/wp-json\/wp\/v2\/posts"}],"about":[{"href":"https:\/\/www.vtc-limousine.fr\/pt\/wp-json\/wp\/v2\/types\/post"}],"author":[{"embeddable":true,"href":"https:\/\/www.vtc-limousine.fr\/pt\/wp-json\/wp\/v2\/users\/1"}],"replies":[{"embeddable":true,"href":"https:\/\/www.vtc-limousine.fr\/pt\/wp-json\/wp\/v2\/comments?post=9059"}],"version-history":[{"count":5,"href":"https:\/\/www.vtc-limousine.fr\/pt\/wp-json\/wp\/v2\/posts\/9059\/revisions"}],"predecessor-version":[{"id":23905,"href":"https:\/\/www.vtc-limousine.fr\/pt\/wp-json\/wp\/v2\/posts\/9059\/revisions\/23905"}],"wp:featuredmedia":[{"embeddable":true,"href":"https:\/\/www.vtc-limousine.fr\/pt\/wp-json\/wp\/v2\/media\/9534"}],"wp:attachment":[{"href":"https:\/\/www.vtc-limousine.fr\/pt\/wp-json\/wp\/v2\/media?parent=9059"}],"wp:term":[{"taxonomy":"category","embeddable":true,"href":"https:\/\/www.vtc-limousine.fr\/pt\/wp-json\/wp\/v2\/categories?post=9059"},{"taxonomy":"post_tag","embeddable":true,"href":"https:\/\/www.vtc-limousine.fr\/pt\/wp-json\/wp\/v2\/tags?post=9059"}],"curies":[{"name":"wp","href":"https:\/\/api.w.org\/{rel}","templated":true}]}}