{"id":23587,"date":"2026-03-13T10:06:45","date_gmt":"2026-03-13T10:06:45","guid":{"rendered":"https:\/\/www.vtc-limousine.fr\/?p=23587"},"modified":"2026-03-13T10:06:45","modified_gmt":"2026-03-13T10:06:45","slug":"transporte-vip-cannes-aix-marseille","status":"publish","type":"post","link":"https:\/\/www.vtc-limousine.fr\/pt\/transporte-vip-cannes-aix-marseille\/","title":{"rendered":"Transporte VIP para eventos: Cannes - Aix en Pce - Marselha"},"content":{"rendered":"<div data-elementor-type=\"wp-post\" data-elementor-id=\"23587\" class=\"elementor elementor-23587\" data-elementor-post-type=\"post\">\n\t\t\t\t\t\t<section class=\"elementor-section elementor-top-section elementor-element elementor-element-ff7f2cc elementor-section-boxed elementor-section-height-default elementor-section-height-default\" data-id=\"ff7f2cc\" data-element_type=\"section\" data-e-type=\"section\">\n\t\t\t\t\t\t<div class=\"elementor-container elementor-column-gap-default\">\n\t\t\t\t\t<div class=\"elementor-column elementor-col-66 elementor-top-column elementor-element elementor-element-a1d7e73\" data-id=\"a1d7e73\" data-element_type=\"column\" data-e-type=\"column\">\n\t\t\t<div class=\"elementor-widget-wrap elementor-element-populated\">\n\t\t\t\t\t\t\t<\/div>\n\t\t<\/div>\n\t\t\t\t<div class=\"elementor-column elementor-col-33 elementor-top-column elementor-element elementor-element-55636f1\" data-id=\"55636f1\" data-element_type=\"column\" data-e-type=\"column\">\n\t\t\t<div class=\"elementor-widget-wrap\">\n\t\t\t\t\t\t\t<\/div>\n\t\t<\/div>\n\t\t\t\t\t<\/div>\n\t\t<\/section>\n\t\t\t\t<section class=\"elementor-section elementor-top-section elementor-element elementor-element-a16933e elementor-section-boxed elementor-section-height-default elementor-section-height-default\" data-id=\"a16933e\" data-element_type=\"section\" data-e-type=\"section\">\n\t\t\t\t\t\t<div class=\"elementor-container elementor-column-gap-default\">\n\t\t\t\t\t<div class=\"elementor-column elementor-col-100 elementor-top-column elementor-element elementor-element-135fe3b\" data-id=\"135fe3b\" data-element_type=\"column\" data-e-type=\"column\">\n\t\t\t<div class=\"elementor-widget-wrap elementor-element-populated\">\n\t\t\t\t\t\t<div class=\"elementor-element elementor-element-c138fd7 elementor-widget elementor-widget-text-editor\" data-id=\"c138fd7\" data-element_type=\"widget\" data-e-type=\"widget\" data-widget_type=\"text-editor.default\">\n\t\t\t\t<div class=\"elementor-widget-container\">\n\t\t\t\t\t\t\t\t\t<h2>Porqu\u00ea escolher a Class eDriver Limousine para assegurar as suas viagens VIP e a log\u00edstica dos seus eventos em Cannes, Aix en Provence e Marselha?\u00a0<\/h2>\t\t\t\t\t\t\t\t<\/div>\n\t\t\t\t<\/div>\n\t\t\t\t\t<\/div>\n\t\t<\/div>\n\t\t\t\t\t<\/div>\n\t\t<\/section>\n\t\t\t\t<section class=\"elementor-section elementor-top-section elementor-element elementor-element-9389fc4 elementor-section-boxed elementor-section-height-default elementor-section-height-default\" data-id=\"9389fc4\" data-element_type=\"section\" data-e-type=\"section\">\n\t\t\t\t\t\t<div class=\"elementor-container elementor-column-gap-default\">\n\t\t\t\t\t<div class=\"elementor-column elementor-col-66 elementor-top-column elementor-element elementor-element-1757ccf\" data-id=\"1757ccf\" data-element_type=\"column\" data-e-type=\"column\">\n\t\t\t<div class=\"elementor-widget-wrap elementor-element-populated\">\n\t\t\t\t\t\t<div class=\"elementor-element elementor-element-4bce73c elementor-widget elementor-widget-text-editor\" data-id=\"4bce73c\" data-element_type=\"widget\" data-e-type=\"widget\" data-widget_type=\"text-editor.default\">\n\t\t\t\t<div class=\"elementor-widget-container\">\n\t\t\t\t\t\t\t\t\t<article><h3>Transporte VIP: Organize os seus transportes VIP de prest\u00edgio entre Aix, Marselha e Cannes<\/h3><p>No sector dos eventos de alta gama - quer se trate do lan\u00e7amento de uma cole\u00e7\u00e3o <strong>Chanel<\/strong>produ\u00e7\u00e3o <strong>Netflix<\/strong> ou uma confer\u00eancia internacional - o transporte \u00e9 o primeiro e o \u00faltimo ponto de contacto para os seus convidados. Uma log\u00edstica sem problemas \u00e9 uma extens\u00e3o direta da sua imagem de marca.<\/p><p>Em <strong>Classe eDriver Limousine<\/strong>Organizamos os seus fluxos com uma frota excecional. \u00c9 por isso que somos o parceiro log\u00edstico de elei\u00e7\u00e3o de Aix-en-Provence, Marselha e da C\u00f4te d'Azur.<\/p><h2>Mercedes EQV 100% el\u00e9trico: luxo respons\u00e1vel<\/h2><p>Para os seus eventos, integr\u00e1mos o <strong>Mercedes EQV<\/strong>. Este furg\u00e3o el\u00e9trico premium 100% est\u00e1 a redefinir os padr\u00f5es do transporte de eventos:<\/p><ul><li><strong>Conforto absoluto:<\/strong> Um interior espa\u00e7oso, tranquilo e flex\u00edvel, ideal para os seus VIPs trabalharem ou relaxarem.<\/li><li><strong>Zero emiss\u00f5es :<\/strong> Um argumento poderoso para as suas an\u00e1lises de RSE nos semin\u00e1rios da empresa.<\/li><li><strong>Eleg\u00e2ncia discreta :<\/strong> O design ic\u00f3nico da Mercedes combinado com a modernidade da energia el\u00e9ctrica.<\/li><\/ul><h2>O Sprinter VIP de 19 lugares: excel\u00eancia no transporte de grupos<\/h2><p>Para necessidades de maior dimens\u00e3o, a nossa <a href=\"https:\/\/www.vtc-limousine.fr\/pt\/classe-edriver-limousine\/os-nossos-veiculos\/mercedes-sprinter-xxl-minibus-de-luxo\/\" target=\"_blank\" rel=\"noopener\"><strong>Sprinter VIP de 19 lugares<\/strong><\/a> \u00e9 a solu\u00e7\u00e3o ideal. Permite-lhe agrupar as suas delega\u00e7\u00f5es, mantendo um n\u00edvel de luxo total (couro de primeira qualidade, conetividade, espa\u00e7o generoso), facilitando o acesso a locais complexos como a Croisette em Paris. <a href=\"https:\/\/www.canneslions.com\/\" target=\"_blank\" rel=\"noopener\">Cannes<\/a>.<\/p><h2>Os nossos 5 pilares para uma log\u00edstica de eventos sem falhas<\/h2><table style=\"border-collapse: collapse; width: 100%;\" border=\"1\" cellpadding=\"10\"><thead><tr style=\"background-color: #f4f4f4;\"><th>Pilar<\/th><th>Classe de solu\u00e7\u00e3o eDriver<\/th><\/tr><\/thead><tbody><tr><td><strong>Coordena\u00e7\u00e3o<\/strong><\/td><td>Contacto dedicado 24 horas por dia<\/td><\/tr><tr><td><strong>Protocolos VIP<\/strong><\/td><td>Motoristas bilingues, traje formal<\/td><\/tr><tr><td><strong>Gest\u00e3o do fluxo<\/strong><\/td><td>Plano de transporte \u00e0 medida<\/td><\/tr><tr><td><a href=\"https:\/\/www.vtc-limousine.fr\/pt\/servico-de-motorista-evento-casamento\/aluguer-de-carro-eletrico-com-condutor\/\" target=\"_blank\" rel=\"noopener\"><strong>Compromisso de RSE<\/strong><\/a><\/td><td>Frota Mercedes EQV 100% el\u00e9ctrica<\/td><\/tr><tr><td><strong>Confidencialidade<\/strong><\/td><td>Acordos de confidencialidade (NDA)<\/td><\/tr><\/tbody><\/table><h2>Controlo dos corredores estrat\u00e9gicos: Aix - Marselha - Cannes<\/h2><p>Conhecemos bem as especificidades locais: transfer\u00eancias sem problemas para <strong>Esta\u00e7\u00f5es de TGV<\/strong>gest\u00e3o especializada do acesso a <a href=\"https:\/\/www.vtc-limousine.fr\/pt\/servicos-vtc-personalizados\/driver-privado-para-fbo-privateviation\/\" target=\"_blank\" rel=\"noopener\"><strong>Zonas FBO<\/strong> <\/a>e um conhecimento profundo das restri\u00e7\u00f5es de circula\u00e7\u00e3o em Fran\u00e7a. <strong>Cannes<\/strong>.<\/p><h2>FAQ para organizadores<\/h2><h3>Como \u00e9 que se coordena o transporte de 100 convidados?<\/h3><p>A Class eDriver Limousine atribui um \u00fanico coordenador de transporte que gere o manifesto de transfer\u00eancia e a sincroniza\u00e7\u00e3o em tempo real com as suas equipas.<\/p><h3>Porque \u00e9 que o Mercedes EQV \u00e9 ideal para um evento?<\/h3><p>Oferece o conforto de uma sala de estar m\u00f3vel, demonstrando simultaneamente um forte compromisso com o ambiente - um ponto crucial para as empresas modernas.<\/p><hr \/><h2>Reservar a log\u00edstica do seu evento<\/h2><p>O sucesso dos seus eventos de prest\u00edgio depende dos pormenores. Confie o seu transporte aos especialistas.<\/p><p><strong>Para mais informa\u00e7\u00f5es, contacte-nos:<\/strong><br \/>Telefone: +33(0)4 13 33 33 00<br \/>Correio eletr\u00f3nico : <a href=\"mailto:contact@class-edriver.fr\">contact@class-edriver.fr<\/a><\/p><\/article>\t\t\t\t\t\t\t\t<\/div>\n\t\t\t\t<\/div>\n\t\t\t\t\t<\/div>\n\t\t<\/div>\n\t\t\t\t<div class=\"elementor-column elementor-col-33 elementor-top-column elementor-element elementor-element-3e3ac07\" data-id=\"3e3ac07\" data-element_type=\"column\" data-e-type=\"column\">\n\t\t\t<div class=\"elementor-widget-wrap elementor-element-populated\">\n\t\t\t\t\t\t<div class=\"elementor-element elementor-element-cb05240 elementor--h-position-center elementor--v-position-middle elementor-arrows-position-inside elementor-pagination-position-inside elementor-widget elementor-widget-slides\" data-id=\"cb05240\" data-element_type=\"widget\" data-e-type=\"widget\" data-settings=\"{&quot;navigation&quot;:&quot;both&quot;,&quot;autoplay&quot;:&quot;yes&quot;,&quot;pause_on_hover&quot;:&quot;yes&quot;,&quot;pause_on_interaction&quot;:&quot;yes&quot;,&quot;autoplay_speed&quot;:5000,&quot;infinite&quot;:&quot;yes&quot;,&quot;transition&quot;:&quot;slide&quot;,&quot;transition_speed&quot;:500}\" data-widget_type=\"slides.default\">\n\t\t\t\t<div class=\"elementor-widget-container\">\n\t\t\t\t\t\t\t\t\t<div class=\"elementor-swiper\">\n\t\t\t\t\t<div class=\"elementor-slides-wrapper elementor-main-swiper swiper\" role=\"region\" aria-roledescription=\"carousel\" aria-label=\"Deslizamentos\" dir=\"ltr\" data-animation=\"fadeInUp\">\n\t\t\t\t<div class=\"swiper-wrapper elementor-slides\">\n\t\t\t\t\t\t\t\t\t\t<div class=\"elementor-repeater-item-a841b88 swiper-slide\" role=\"group\" aria-roledescription=\"slide\"><div class=\"swiper-slide-bg\" role=\"img\" aria-label=\"Servi\u00e7o de motorista privado topo de gama e transferes para eventos e neg\u00f3cios na Proven\u00e7a e na Riviera Francesa.\"><\/div><a class=\"swiper-slide-inner\" href=\"https:\/\/www.vtc-limousine.fr\/en\/class-edriver-limousine-premium-chauffeured-car-service\/our-fleet\/\"><div class=\"swiper-slide-contents\"><div class=\"elementor-slide-description\">Uma vasta sele\u00e7\u00e3o de ve\u00edculos Mercedes e Tesla de qualidade superior <\/div><div  class=\"elementor-button elementor-slide-button elementor-size-sm\">Os nossos ve\u00edculos<\/div><\/div><\/a><\/div>\t\t\t\t<\/div>\n\t\t\t\t\t\t\t<\/div>\n\t\t\t\t<\/div>\n\t\t\t\t\t\t\t\t<\/div>\n\t\t\t\t<\/div>\n\t\t\t\t<div class=\"elementor-element elementor-element-bc06f11 elementor-widget elementor-widget-image\" data-id=\"bc06f11\" data-element_type=\"widget\" data-e-type=\"widget\" data-widget_type=\"image.default\">\n\t\t\t\t<div class=\"elementor-widget-container\">\n\t\t\t\t\t\t\t\t\t\t\t\t\t\t\t<img fetchpriority=\"high\" decoding=\"async\" width=\"800\" height=\"591\" src=\"https:\/\/www.vtc-limousine.fr\/wp-content\/uploads\/2026\/03\/1738641866992-2-1024x757.jpg\" class=\"attachment-large size-large wp-image-23610\" alt=\"Ve\u00edculo de prest\u00edgio com marca personalizada na Croisette em Cannes - Log\u00edstica de transporte de eventos para marcas de luxo.\" srcset=\"https:\/\/www.vtc-limousine.fr\/wp-content\/uploads\/2026\/03\/1738641866992-2-1024x757.jpg 1024w, https:\/\/www.vtc-limousine.fr\/wp-content\/uploads\/2026\/03\/1738641866992-2-300x222.jpg 300w, https:\/\/www.vtc-limousine.fr\/wp-content\/uploads\/2026\/03\/1738641866992-2-768x567.jpg 768w, https:\/\/www.vtc-limousine.fr\/wp-content\/uploads\/2026\/03\/1738641866992-2-1536x1135.jpg 1536w, https:\/\/www.vtc-limousine.fr\/wp-content\/uploads\/2026\/03\/1738641866992-2-16x12.jpg 16w, https:\/\/www.vtc-limousine.fr\/wp-content\/uploads\/2026\/03\/1738641866992-2-414x306.jpg 414w, https:\/\/www.vtc-limousine.fr\/wp-content\/uploads\/2026\/03\/1738641866992-2-721x533.jpg 721w, https:\/\/www.vtc-limousine.fr\/wp-content\/uploads\/2026\/03\/1738641866992-2.jpg 1884w\" sizes=\"(max-width: 800px) 100vw, 800px\" \/>\t\t\t\t\t\t\t\t\t\t\t\t\t\t\t<\/div>\n\t\t\t\t<\/div>\n\t\t\t\t<div class=\"elementor-element elementor-element-41f34a6 elementor-widget elementor-widget-image\" data-id=\"41f34a6\" data-element_type=\"widget\" data-e-type=\"widget\" data-widget_type=\"image.default\">\n\t\t\t\t<div class=\"elementor-widget-container\">\n\t\t\t\t\t\t\t\t\t\t\t\t\t\t\t<img decoding=\"async\" width=\"768\" height=\"1024\" src=\"https:\/\/www.vtc-limousine.fr\/wp-content\/uploads\/2025\/04\/1738641866787-768x1024.jpg\" class=\"attachment-large size-large wp-image-22845\" alt=\"\" srcset=\"https:\/\/www.vtc-limousine.fr\/wp-content\/uploads\/2025\/04\/1738641866787-768x1024.jpg 768w, https:\/\/www.vtc-limousine.fr\/wp-content\/uploads\/2025\/04\/1738641866787-225x300.jpg 225w, https:\/\/www.vtc-limousine.fr\/wp-content\/uploads\/2025\/04\/1738641866787-1152x1536.jpg 1152w, https:\/\/www.vtc-limousine.fr\/wp-content\/uploads\/2025\/04\/1738641866787-9x12.jpg 9w, https:\/\/www.vtc-limousine.fr\/wp-content\/uploads\/2025\/04\/1738641866787-229x306.jpg 229w, https:\/\/www.vtc-limousine.fr\/wp-content\/uploads\/2025\/04\/1738641866787-400x533.jpg 400w, https:\/\/www.vtc-limousine.fr\/wp-content\/uploads\/2025\/04\/1738641866787.jpg 1280w\" sizes=\"(max-width: 768px) 100vw, 768px\" \/>\t\t\t\t\t\t\t\t\t\t\t\t\t\t\t<\/div>\n\t\t\t\t<\/div>\n\t\t\t\t\t<\/div>\n\t\t<\/div>\n\t\t\t\t\t<\/div>\n\t\t<\/section>\n\t\t\t\t<section class=\"elementor-section elementor-top-section elementor-element elementor-element-fa885d5 elementor-section-boxed elementor-section-height-default elementor-section-height-default\" data-id=\"fa885d5\" data-element_type=\"section\" data-e-type=\"section\">\n\t\t\t\t\t\t<div class=\"elementor-container elementor-column-gap-default\">\n\t\t\t\t\t<div class=\"elementor-column elementor-col-100 elementor-top-column elementor-element elementor-element-f5328f2\" data-id=\"f5328f2\" data-element_type=\"column\" data-e-type=\"column\">\n\t\t\t<div class=\"elementor-widget-wrap\">\n\t\t\t\t\t\t\t<\/div>\n\t\t<\/div>\n\t\t\t\t\t<\/div>\n\t\t<\/section>\n\t\t\t\t<\/div>","protected":false},"excerpt":{"rendered":"<p>Transporte VIP Cannes Aix en Pce Marselha ? A Class eDriver Limousine organiza as suas desloca\u00e7\u00f5es com uma frota de Mercedes 100% el\u00e9ctricos e Sprinter de 19 lugares. Log\u00edstica de precis\u00e3o, coordena\u00e7\u00e3o 24 horas por dia e um servi\u00e7o de luxo adaptado aos seus eventos de prest\u00edgio.<\/p>","protected":false},"author":2,"featured_media":23607,"comment_status":"closed","ping_status":"closed","sticky":false,"template":"","format":"standard","meta":{"footnotes":""},"categories":[1],"tags":[],"class_list":["post-23587","post","type-post","status-publish","format-standard","has-post-thumbnail","hentry","category-uncategorized"],"_links":{"self":[{"href":"https:\/\/www.vtc-limousine.fr\/pt\/wp-json\/wp\/v2\/posts\/23587","targetHints":{"allow":["GET"]}}],"collection":[{"href":"https:\/\/www.vtc-limousine.fr\/pt\/wp-json\/wp\/v2\/posts"}],"about":[{"href":"https:\/\/www.vtc-limousine.fr\/pt\/wp-json\/wp\/v2\/types\/post"}],"author":[{"embeddable":true,"href":"https:\/\/www.vtc-limousine.fr\/pt\/wp-json\/wp\/v2\/users\/2"}],"replies":[{"embeddable":true,"href":"https:\/\/www.vtc-limousine.fr\/pt\/wp-json\/wp\/v2\/comments?post=23587"}],"version-history":[{"count":33,"href":"https:\/\/www.vtc-limousine.fr\/pt\/wp-json\/wp\/v2\/posts\/23587\/revisions"}],"predecessor-version":[{"id":23622,"href":"https:\/\/www.vtc-limousine.fr\/pt\/wp-json\/wp\/v2\/posts\/23587\/revisions\/23622"}],"wp:featuredmedia":[{"embeddable":true,"href":"https:\/\/www.vtc-limousine.fr\/pt\/wp-json\/wp\/v2\/media\/23607"}],"wp:attachment":[{"href":"https:\/\/www.vtc-limousine.fr\/pt\/wp-json\/wp\/v2\/media?parent=23587"}],"wp:term":[{"taxonomy":"category","embeddable":true,"href":"https:\/\/www.vtc-limousine.fr\/pt\/wp-json\/wp\/v2\/categories?post=23587"},{"taxonomy":"post_tag","embeddable":true,"href":"https:\/\/www.vtc-limousine.fr\/pt\/wp-json\/wp\/v2\/tags?post=23587"}],"curies":[{"name":"wp","href":"https:\/\/api.w.org\/{rel}","templated":true}]}}