{"id":23232,"date":"2025-10-20T08:20:25","date_gmt":"2025-10-20T08:20:25","guid":{"rendered":"https:\/\/www.vtc-limousine.fr\/?p=23232"},"modified":"2025-11-07T08:40:28","modified_gmt":"2025-11-07T08:40:28","slug":"class-edriver-limousine-aix-en-provence-mais-de-10-anos-ao-seu-servico","status":"publish","type":"post","link":"https:\/\/www.vtc-limousine.fr\/pt\/class-edriver-limousine-aix-en-provence-mais-de-10-anos-ao-seu-servico\/","title":{"rendered":"Chauffeur Privado Aix-en-Provence | Classe eDriver Limousine"},"content":{"rendered":"<div data-elementor-type=\"wp-post\" data-elementor-id=\"23232\" class=\"elementor elementor-23232\" data-elementor-post-type=\"post\">\n\t\t\t\t\t\t<section class=\"elementor-section elementor-top-section elementor-element elementor-element-ff7f2cc elementor-section-boxed elementor-section-height-default elementor-section-height-default\" data-id=\"ff7f2cc\" data-element_type=\"section\" data-e-type=\"section\">\n\t\t\t\t\t\t<div class=\"elementor-container elementor-column-gap-default\">\n\t\t\t\t\t<div class=\"elementor-column elementor-col-66 elementor-top-column elementor-element elementor-element-a1d7e73\" data-id=\"a1d7e73\" data-element_type=\"column\" data-e-type=\"column\">\n\t\t\t<div class=\"elementor-widget-wrap elementor-element-populated\">\n\t\t\t\t\t\t<div class=\"elementor-element elementor-element-6d028e1 elementor-widget elementor-widget-heading\" data-id=\"6d028e1\" data-element_type=\"widget\" data-e-type=\"widget\" data-widget_type=\"heading.default\">\n\t\t\t\t<div class=\"elementor-widget-container\">\n\t\t\t\t\t<h2 class=\"elementor-heading-title elementor-size-default\">Motorista particular em Aix-en-Provence - 10 anos de excel\u00eancia com Class eDriver Limousine<\/h2>\t\t\t\t<\/div>\n\t\t\t\t<\/div>\n\t\t\t\t\t<\/div>\n\t\t<\/div>\n\t\t\t\t<div class=\"elementor-column elementor-col-33 elementor-top-column elementor-element elementor-element-55636f1\" data-id=\"55636f1\" data-element_type=\"column\" data-e-type=\"column\">\n\t\t\t<div class=\"elementor-widget-wrap\">\n\t\t\t\t\t\t\t<\/div>\n\t\t<\/div>\n\t\t\t\t\t<\/div>\n\t\t<\/section>\n\t\t\t\t<section class=\"elementor-section elementor-top-section elementor-element elementor-element-9389fc4 elementor-section-boxed elementor-section-height-default elementor-section-height-default\" data-id=\"9389fc4\" data-element_type=\"section\" data-e-type=\"section\">\n\t\t\t\t\t\t<div class=\"elementor-container elementor-column-gap-default\">\n\t\t\t\t\t<div class=\"elementor-column elementor-col-66 elementor-top-column elementor-element elementor-element-1757ccf\" data-id=\"1757ccf\" data-element_type=\"column\" data-e-type=\"column\">\n\t\t\t<div class=\"elementor-widget-wrap elementor-element-populated\">\n\t\t\t\t\t\t<div class=\"elementor-element elementor-element-4bce73c elementor-widget elementor-widget-text-editor\" data-id=\"4bce73c\" data-element_type=\"widget\" data-e-type=\"widget\" data-widget_type=\"text-editor.default\">\n\t\t\t\t<div class=\"elementor-widget-container\">\n\t\t\t\t\t\t\t\t\t<article><p><strong>Mais de 10 anos de eleg\u00e2ncia e excel\u00eancia em Aix-en-Provence.<\/strong><\/p><p data-start=\"416\" data-end=\"620\">H\u00e1 mais de uma d\u00e9cada que a Class eDriver Limousine \u00e9 a refer\u00eancia para a <strong data-start=\"499\" data-end=\"536\">motorista particular em Aix-en-Provence<\/strong>oferecendo um servi\u00e7o personalizado que combina <strong data-start=\"579\" data-end=\"617\">luxo, conforto e eco-responsabilidade<\/strong>.<\/p><h3 data-start=\"622\" data-end=\"701\">Servi\u00e7o de motorista privado topo de gama em Aix-en-Provence e na Proven\u00e7a<\/h3><p data-start=\"702\" data-end=\"1094\">Sediada em Aix-en-Provence, a nossa empresa acompanha os seus clientes - particulares, empresas e eventos - em todas as suas necessidades de desloca\u00e7\u00e3o. Quer se trate de uma <strong data-start=\"858\" data-end=\"903\">transfer\u00eancia de<a href=\"https:\/\/www.marseille.aeroport.fr\/\" target=\"_blank\" rel=\"noopener\">Aeroporto de Marselha-Provence<\/a><\/strong>Quer se trate de uma viagem a partir da esta\u00e7\u00e3o de TGV de Aix, de um casamento ou de uma visita tur\u00edstica, a nossa equipa de motoristas privados faz quest\u00e3o de garantir pontualidade, requinte e discri\u00e7\u00e3o.<\/p><h3 data-start=\"1096\" data-end=\"1175\">Uma frota premium de 100 ve\u00edculos el\u00e9ctricos % para as suas viagens com motorista<\/h3><p data-start=\"1176\" data-end=\"1533\">A Class eDriver Limousine tem como objetivo a inova\u00e7\u00e3o e a mobilidade sustent\u00e1vel: cada viagem \u00e9 feita por <a href=\"https:\/\/www.vtc-limousine.fr\/pt\/classe-edriver-limousine\/os-nossos-veiculos\/\" target=\"_blank\" rel=\"noopener\">ve\u00edculos topo de gama, <strong data-start=\"1305\" data-end=\"1326\">100 % el\u00e9trico<\/strong><\/a> (Tesla, Mercedes EQS, EQE, EQV) para uma condu\u00e7\u00e3o silenciosa, suave e amiga do ambiente. Optar pelo nosso servi\u00e7o de motorista privado significa escolher uma experi\u00eancia requintada e respons\u00e1vel.<\/p><h3 data-start=\"1535\" data-end=\"1608\">Os nossos motoristas privados: o seu trunfo para uma experi\u00eancia sem falhas<\/h3><p data-start=\"1609\" data-end=\"1953\">Os nossos motoristas privados n\u00e3o se limitam a conduzir. S\u00e3o bilingues, habituados a acolher uma clientela internacional, conhecedores da regi\u00e3o da Proven\u00e7a e formados para antecipar as suas necessidades. Quer se trate de uma viagem de neg\u00f3cios, de um evento ou de uma excurs\u00e3o privada, os nossos motoristas acrescentam um valor real \u00e0 sua viagem.<\/p><h3 data-start=\"1955\" data-end=\"2019\">Porqu\u00ea escolher o nosso motorista privado em Aix-en-Provence?<\/h3><ul data-start=\"2020\" data-end=\"2576\"><li data-start=\"2020\" data-end=\"2145\"><p data-start=\"2022\" data-end=\"2145\"><strong data-start=\"2022\" data-end=\"2055\">Dispon\u00edvel 24\/7<\/strong> Pode reservar o seu motorista privado a qualquer momento, para todas as suas necessidades de desloca\u00e7\u00e3o.<\/p><\/li><li data-start=\"2146\" data-end=\"2263\"><p data-start=\"2148\" data-end=\"2263\"><strong data-start=\"2148\" data-end=\"2167\">Dom\u00ednios abrangidos<\/strong> Aix-en-Provence, claro, mas tamb\u00e9m Marselha, Avignon, o Luberon e todo o sudeste.<\/p><\/li><li data-start=\"2264\" data-end=\"2382\"><p data-start=\"2266\" data-end=\"2382\"><strong data-start=\"2266\" data-end=\"2288\">Servi\u00e7o \u00e0 medida<\/strong> Damos-lhe as boas-vindas no aeroporto, enviamos-lhe uma mensagem pessoal, acompanhamos o seu voo e adaptamos a sua viagem \u00e0s suas necessidades.<\/p><\/li><li data-start=\"2383\" data-end=\"2473\"><p data-start=\"2385\" data-end=\"2473\"><strong data-start=\"2385\" data-end=\"2404\">Qualidade superior<\/strong> ve\u00edculos topo de gama, limpeza impec\u00e1vel e um acolhimento caloroso.<\/p><\/li><li data-start=\"2474\" data-end=\"2576\"><p data-start=\"2476\" data-end=\"2576\"><strong data-start=\"2476\" data-end=\"2501\">Compromisso com o ambiente<\/strong> Frota el\u00e9ctrica, redu\u00e7\u00e3o da pegada de carbono, mobilidade sustent\u00e1vel.<\/p><\/li><\/ul><h3 data-start=\"2578\" data-end=\"2647\">Reserve j\u00e1 o seu motorista privado em Aix-en-Provence<\/h3><p data-start=\"2648\" data-end=\"2894\">Com a Class eDriver Limousine, cada viagem torna-se uma experi\u00eancia excecional. Para reservar o seu <strong data-start=\"2753\" data-end=\"2790\">motorista particular em Aix-en-Provence<\/strong>contacte-nos atrav\u00e9s de <strong data-start=\"2808\" data-end=\"2832\">+33 (0)4 13 33 33 00<\/strong> ou contacte-nos por correio eletr\u00f3nico em <strong data-start=\"2863\" data-end=\"2891\"><a class=\"decorated-link cursor-pointer\" rel=\"noopener\" data-start=\"2865\" data-end=\"2889\">contact@class-edriver.fr<\/a><\/strong>.<\/p><\/article>\t\t\t\t\t\t\t\t<\/div>\n\t\t\t\t<\/div>\n\t\t\t\t\t<\/div>\n\t\t<\/div>\n\t\t\t\t<div class=\"elementor-column elementor-col-33 elementor-top-column elementor-element elementor-element-3e3ac07\" data-id=\"3e3ac07\" data-element_type=\"column\" data-e-type=\"column\">\n\t\t\t<div class=\"elementor-widget-wrap elementor-element-populated\">\n\t\t\t\t\t\t<div class=\"elementor-element elementor-element-cb05240 elementor--h-position-center elementor--v-position-middle elementor-arrows-position-inside elementor-pagination-position-inside elementor-widget elementor-widget-slides\" data-id=\"cb05240\" data-element_type=\"widget\" data-e-type=\"widget\" data-settings=\"{&quot;navigation&quot;:&quot;both&quot;,&quot;autoplay&quot;:&quot;yes&quot;,&quot;pause_on_hover&quot;:&quot;yes&quot;,&quot;pause_on_interaction&quot;:&quot;yes&quot;,&quot;autoplay_speed&quot;:5000,&quot;infinite&quot;:&quot;yes&quot;,&quot;transition&quot;:&quot;slide&quot;,&quot;transition_speed&quot;:500}\" data-widget_type=\"slides.default\">\n\t\t\t\t<div class=\"elementor-widget-container\">\n\t\t\t\t\t\t\t\t\t<div class=\"elementor-swiper\">\n\t\t\t\t\t<div class=\"elementor-slides-wrapper elementor-main-swiper swiper\" role=\"region\" aria-roledescription=\"carousel\" aria-label=\"Deslizamentos\" dir=\"ltr\" data-animation=\"fadeInUp\">\n\t\t\t\t<div class=\"swiper-wrapper elementor-slides\">\n\t\t\t\t\t\t\t\t\t\t<div class=\"elementor-repeater-item-9582ae2 swiper-slide\" role=\"group\" aria-roledescription=\"slide\"><div class=\"swiper-slide-bg\" role=\"img\" aria-label=\"Motorista privado Aix en Provence , Hotel le Pigonnet\"><\/div><div class=\"swiper-slide-inner\" ><div class=\"swiper-slide-contents\"><\/div><\/div><\/div><div class=\"elementor-repeater-item-a841b88 swiper-slide\" role=\"group\" aria-roledescription=\"slide\"><div class=\"swiper-slide-bg\" role=\"img\" aria-label=\"Servi\u00e7o de motorista privado topo de gama e transferes para eventos e neg\u00f3cios na Proven\u00e7a e na Riviera Francesa.\"><\/div><a class=\"swiper-slide-inner\" href=\"https:\/\/www.vtc-limousine.fr\/pt\/classe-edriver-limousine\/os-nossos-veiculos\/\"><div class=\"swiper-slide-contents\"><div class=\"elementor-slide-description\">Uma vasta escolha de ve\u00edculos Premium Mercedes e Tesla<\/div><div  class=\"elementor-button elementor-slide-button elementor-size-sm\">Os nossos ve\u00edculos<\/div><\/div><\/a><\/div><div class=\"elementor-repeater-item-5c222c0 swiper-slide\" role=\"group\" aria-roledescription=\"slide\"><div class=\"swiper-slide-bg\" role=\"img\" aria-label=\"Chauffeur privado Cannes\"><\/div><a class=\"swiper-slide-inner\" href=\"https:\/\/www.vtc-limousine.fr\/pt\/classe-edriver-limousine\/os-nossos-veiculos\/\"><div class=\"swiper-slide-contents\"><div class=\"elementor-slide-description\">Uma vasta escolha de ve\u00edculos el\u00e9ctricos Mercedes 100% Premium<\/div><div  class=\"elementor-button elementor-slide-button elementor-size-sm\">Os nossos ve\u00edculos<\/div><\/div><\/a><\/div><div class=\"elementor-repeater-item-71f4180 swiper-slide\" role=\"group\" aria-roledescription=\"slide\"><div class=\"swiper-slide-bg\" role=\"img\" aria-label=\"Carro el\u00e9trico com condutor Cannes\"><\/div><a class=\"swiper-slide-inner\" href=\"https:\/\/www.vtc-limousine.fr\/pt\/classe-edriver-limousine\/os-nossos-veiculos\/\"><div class=\"swiper-slide-contents\"><div class=\"elementor-slide-heading\">Os nossos ve\u00edculos<\/div><div class=\"elementor-slide-description\">Uma vasta escolha de ve\u00edculos el\u00e9ctricos Mercedes 100% Premium<\/div><div  class=\"elementor-button elementor-slide-button elementor-size-sm\">Clique aqui<\/div><\/div><\/a><\/div><div class=\"elementor-repeater-item-405df3e swiper-slide\" role=\"group\" aria-roledescription=\"slide\"><div class=\"swiper-slide-bg\" role=\"img\" aria-label=\"Servi\u00e7o de iates em Cannes\"><\/div><div class=\"swiper-slide-inner\" ><div class=\"swiper-slide-contents\"><\/div><\/div><\/div>\t\t\t\t<\/div>\n\t\t\t\t\t\t\t\t\t\t\t\t\t\t\t<div class=\"elementor-swiper-button elementor-swiper-button-prev\" role=\"button\" tabindex=\"0\" aria-label=\"Deslizamento anterior\" data-no-translation-aria-label=\"\">\n\t\t\t\t\t\t\t<i aria-hidden=\"true\" class=\"eicon-chevron-left\"><\/i>\t\t\t\t\t\t<\/div>\n\t\t\t\t\t\t<div class=\"elementor-swiper-button elementor-swiper-button-next\" role=\"button\" tabindex=\"0\" aria-label=\"Pr\u00f3ximo slide\" data-no-translation-aria-label=\"\">\n\t\t\t\t\t\t\t<i aria-hidden=\"true\" class=\"eicon-chevron-right\"><\/i>\t\t\t\t\t\t<\/div>\n\t\t\t\t\t\t\t\t\t\t\t\t\t\t\t\t<div class=\"swiper-pagination\"><\/div>\n\t\t\t\t\t\t\t\t\t\t\t\t<\/div>\n\t\t\t\t<\/div>\n\t\t\t\t\t\t\t\t<\/div>\n\t\t\t\t<\/div>\n\t\t\t\t<div class=\"elementor-element elementor-element-f91e882 elementor-widget elementor-widget-text-editor\" data-id=\"f91e882\" data-element_type=\"widget\" data-e-type=\"widget\" data-widget_type=\"text-editor.default\">\n\t\t\t\t<div class=\"elementor-widget-container\">\n\t\t\t\t\t\t\t\t\t<h3 data-start=\"137\" data-end=\"182\">Os nossos condutores, o seu valor acrescentado<\/h3>\t\t\t\t\t\t\t\t<\/div>\n\t\t\t\t<\/div>\n\t\t\t\t<div class=\"elementor-element elementor-element-facfb6d elementor-widget elementor-widget-text-editor\" data-id=\"facfb6d\" data-element_type=\"widget\" data-e-type=\"widget\" data-widget_type=\"text-editor.default\">\n\t\t\t\t<div class=\"elementor-widget-container\">\n\t\t\t\t\t\t\t\t\t<p data-start=\"183\" data-end=\"786\">Com <strong data-start=\"188\" data-end=\"215\">Classe eDriver Limousine<\/strong>Cada viagem \u00e9 uma experi\u00eancia \u00fanica. <a href=\"https:\/\/www.vtc-limousine.fr\/pt\/classe-edriver-limousine\/os-nossos-motoristas-privados\/\" target=\"_blank\" rel=\"noopener\">Os nossos motoristas privados<\/a>Os nossos motoristas pontuais, bilingues e especializados n\u00e3o se limitam a conduzir: antecipam as suas necessidades e prestam um servi\u00e7o \u00e0 medida. Quer se trate de transferes de neg\u00f3cios, casamentos ou excurs\u00f5es tur\u00edsticas, eles oferecem-lhe conforto, discri\u00e7\u00e3o e paz de esp\u00edrito. Os seus conhecimentos locais e o seu profissionalismo transformam cada viagem numa experi\u00eancia agrad\u00e1vel e tranquila, fazendo com que seja um prazer trabalhar com os nossos motoristas. <strong data-start=\"704\" data-end=\"728\">valor acrescentado real<\/strong> para as suas viagens em Aix-en-Provence e na Proven\u00e7a.<\/p>\t\t\t\t\t\t\t\t<\/div>\n\t\t\t\t<\/div>\n\t\t\t\t\t<\/div>\n\t\t<\/div>\n\t\t\t\t\t<\/div>\n\t\t<\/section>\n\t\t\t\t<section class=\"elementor-section elementor-top-section elementor-element elementor-element-ce491a5 elementor-section-boxed elementor-section-height-default elementor-section-height-default\" data-id=\"ce491a5\" data-element_type=\"section\" data-e-type=\"section\">\n\t\t\t\t\t\t<div class=\"elementor-container elementor-column-gap-default\">\n\t\t\t\t\t<div class=\"elementor-column elementor-col-100 elementor-top-column elementor-element elementor-element-6db17f4\" data-id=\"6db17f4\" data-element_type=\"column\" data-e-type=\"column\">\n\t\t\t<div class=\"elementor-widget-wrap\">\n\t\t\t\t\t\t\t<\/div>\n\t\t<\/div>\n\t\t\t\t\t<\/div>\n\t\t<\/section>\n\t\t\t\t<\/div>","protected":false},"excerpt":{"rendered":"<p>Mais de 10 anos de eleg\u00e2ncia e excel\u00eancia em Aix-en-Provence.<br \/>\nH\u00e1 mais de uma d\u00e9cada que a Class eDriver Limousine acompanha os seus clientes em toda a Proven\u00e7a com um servi\u00e7o personalizado que combina luxo, conforto e respeito pelo ambiente.<\/p>","protected":false},"author":2,"featured_media":23233,"comment_status":"closed","ping_status":"closed","sticky":false,"template":"","format":"standard","meta":{"footnotes":""},"categories":[16],"tags":[],"class_list":["post-23232","post","type-post","status-publish","format-standard","has-post-thumbnail","hentry","category-actualites"],"_links":{"self":[{"href":"https:\/\/www.vtc-limousine.fr\/pt\/wp-json\/wp\/v2\/posts\/23232","targetHints":{"allow":["GET"]}}],"collection":[{"href":"https:\/\/www.vtc-limousine.fr\/pt\/wp-json\/wp\/v2\/posts"}],"about":[{"href":"https:\/\/www.vtc-limousine.fr\/pt\/wp-json\/wp\/v2\/types\/post"}],"author":[{"embeddable":true,"href":"https:\/\/www.vtc-limousine.fr\/pt\/wp-json\/wp\/v2\/users\/2"}],"replies":[{"embeddable":true,"href":"https:\/\/www.vtc-limousine.fr\/pt\/wp-json\/wp\/v2\/comments?post=23232"}],"version-history":[{"count":14,"href":"https:\/\/www.vtc-limousine.fr\/pt\/wp-json\/wp\/v2\/posts\/23232\/revisions"}],"predecessor-version":[{"id":23275,"href":"https:\/\/www.vtc-limousine.fr\/pt\/wp-json\/wp\/v2\/posts\/23232\/revisions\/23275"}],"wp:featuredmedia":[{"embeddable":true,"href":"https:\/\/www.vtc-limousine.fr\/pt\/wp-json\/wp\/v2\/media\/23233"}],"wp:attachment":[{"href":"https:\/\/www.vtc-limousine.fr\/pt\/wp-json\/wp\/v2\/media?parent=23232"}],"wp:term":[{"taxonomy":"category","embeddable":true,"href":"https:\/\/www.vtc-limousine.fr\/pt\/wp-json\/wp\/v2\/categories?post=23232"},{"taxonomy":"post_tag","embeddable":true,"href":"https:\/\/www.vtc-limousine.fr\/pt\/wp-json\/wp\/v2\/tags?post=23232"}],"curies":[{"name":"wp","href":"https:\/\/api.w.org\/{rel}","templated":true}]}}