{"id":23173,"date":"2025-10-03T06:28:22","date_gmt":"2025-10-03T06:28:22","guid":{"rendered":"https:\/\/www.vtc-limousine.fr\/?p=23173"},"modified":"2025-10-06T15:32:42","modified_gmt":"2025-10-06T15:32:42","slug":"motorista-privado-b2b-para-agencias-de-turismo-e-eventos-classe-edriver-limousine","status":"publish","type":"post","link":"https:\/\/www.vtc-limousine.fr\/pt\/motorista-privado-b2b-para-agencias-de-turismo-e-eventos-classe-edriver-limousine\/","title":{"rendered":"Motorista Privado B2B para Ag\u00eancias de Turismo e Eventos - Classe eDriver Limousine"},"content":{"rendered":"<div data-elementor-type=\"wp-post\" data-elementor-id=\"23173\" class=\"elementor elementor-23173\" data-elementor-post-type=\"post\">\n\t\t\t\t\t\t<section class=\"elementor-section elementor-top-section elementor-element elementor-element-ff7f2cc elementor-section-boxed elementor-section-height-default elementor-section-height-default\" data-id=\"ff7f2cc\" data-element_type=\"section\" data-e-type=\"section\">\n\t\t\t\t\t\t<div class=\"elementor-container elementor-column-gap-default\">\n\t\t\t\t\t<div class=\"elementor-column elementor-col-66 elementor-top-column elementor-element elementor-element-a1d7e73\" data-id=\"a1d7e73\" data-element_type=\"column\" data-e-type=\"column\">\n\t\t\t<div class=\"elementor-widget-wrap elementor-element-populated\">\n\t\t\t\t\t\t<div class=\"elementor-element elementor-element-6d028e1 elementor-widget elementor-widget-heading\" data-id=\"6d028e1\" data-element_type=\"widget\" data-e-type=\"widget\" data-widget_type=\"heading.default\">\n\t\t\t\t<div class=\"elementor-widget-container\">\n\t\t\t\t\t<h2 class=\"elementor-heading-title elementor-size-default\">Classe eDriver Limousine: O motorista privado de alta qualidade para ag\u00eancias B2B<\/h2>\t\t\t\t<\/div>\n\t\t\t\t<\/div>\n\t\t\t\t\t<\/div>\n\t\t<\/div>\n\t\t\t\t<div class=\"elementor-column elementor-col-33 elementor-top-column elementor-element elementor-element-55636f1\" data-id=\"55636f1\" data-element_type=\"column\" data-e-type=\"column\">\n\t\t\t<div class=\"elementor-widget-wrap\">\n\t\t\t\t\t\t\t<\/div>\n\t\t<\/div>\n\t\t\t\t\t<\/div>\n\t\t<\/section>\n\t\t\t\t<section class=\"elementor-section elementor-top-section elementor-element elementor-element-9389fc4 elementor-section-boxed elementor-section-height-default elementor-section-height-default\" data-id=\"9389fc4\" data-element_type=\"section\" data-e-type=\"section\">\n\t\t\t\t\t\t<div class=\"elementor-container elementor-column-gap-default\">\n\t\t\t\t\t<div class=\"elementor-column elementor-col-66 elementor-top-column elementor-element elementor-element-1757ccf\" data-id=\"1757ccf\" data-element_type=\"column\" data-e-type=\"column\">\n\t\t\t<div class=\"elementor-widget-wrap elementor-element-populated\">\n\t\t\t\t\t\t<div class=\"elementor-element elementor-element-4bce73c elementor-widget elementor-widget-text-editor\" data-id=\"4bce73c\" data-element_type=\"widget\" data-e-type=\"widget\" data-widget_type=\"text-editor.default\">\n\t\t\t\t<div class=\"elementor-widget-container\">\n\t\t\t\t\t\t\t\t\t<p>No sector B2B, onde <strong>pontualidade<\/strong>, <strong>fiabilidade<\/strong> e <strong>experi\u00eancia premium do cliente<\/strong> s\u00e3o essenciais, <strong>Classe eDriver Limousine<\/strong> \u00e9 o parceiro ideal para <strong>ag\u00eancias de turismo<\/strong>, <strong>eventos<\/strong>, <strong>DMC<\/strong>, <strong>clubes desportivos<\/strong> e <strong>miss\u00f5es oficiais<\/strong>. A nossa miss\u00e3o: transformar cada viagem numa experi\u00eancia de topo de gama, adaptada \u00e0s necessidades espec\u00edficas dos seus clientes e colaboradores.<\/p><h2>Os nossos servi\u00e7os B2B<\/h2><h3>Transferes VIP do aeroporto e da esta\u00e7\u00e3o<\/h3><p>Ofere\u00e7a aos seus clientes um acolhimento impec\u00e1vel desde o momento da sua chegada. Os nossos motoristas profissionais oferecem <strong>transfer\u00eancias r\u00e1pidas, seguras e confort\u00e1veis<\/strong>ideal para ag\u00eancias de turismo e DMCs.<br \/><a href=\"https:\/\/www.marseille.aeroport.fr\/\" target=\"_blank\" rel=\"noopener\">Aeroporto de Marselha<\/a> Nice, Lyon, Paris<\/p><p>Saiba mais sobre os Transferes VIP<\/p><h3>Transporte \u00e0 medida para eventos<\/h3><p>Para <strong><a href=\"https:\/\/www.vtc-limousine.fr\/pt\/motorista-particular\/motorista-privado-paca\/motorista-privado-eventos-marselha-cannes-aix-paris\/\" target=\"_blank\" rel=\"noopener\">confer\u00eancias, feiras, festas privadas e eventos<\/a> atletas<\/strong>oferecemos solu\u00e7\u00f5es <strong>flex\u00edvel e adapt\u00e1vel<\/strong> gest\u00e3o de v\u00e1rios ve\u00edculos, coordena\u00e7\u00e3o com as suas equipas e cumprimento rigoroso dos hor\u00e1rios.<\/p><h3 data-start=\"296\" data-end=\"323\">\ud83c\udfac Festival de Cinema de Cannes<\/h3><p data-start=\"324\" data-end=\"546\">A Class eDriver Limousine encarregar-se-\u00e1 dos seus transfers VIP no <a href=\"https:\/\/www.festival-cannes.com\/\" target=\"_blank\" rel=\"noopener\"><strong data-start=\"382\" data-end=\"404\">Festival de Cannes<\/strong><\/a> Uma vasta gama de eventos: escadas, festas privadas, encontros com a imprensa. Frota de alta qualidade e motoristas bilingues para uma experi\u00eancia de tapete vermelho.<\/p><hr data-start=\"548\" data-end=\"551\" \/><h3 data-start=\"553\" data-end=\"616\">\ud83e\udd81 Cannes Lions (Festival Internacional de Criatividade)<\/h3><p data-start=\"617\" data-end=\"801\">Para o <a href=\"https:\/\/www.canneslions.com\/\" target=\"_blank\" rel=\"noopener\"><strong data-start=\"625\" data-end=\"641\">Le\u00f5es de Cannes<\/strong>,<\/a> confie na nossa <strong data-start=\"679\" data-end=\"702\">Motorista privado B2B<\/strong>. Transferes aeroporto, hotel e Palais des Festivals, com garantia de discri\u00e7\u00e3o e pontualidade.<\/p><hr data-start=\"803\" data-end=\"806\" \/><h3 data-start=\"808\" data-end=\"857\">\ud83d\udcbc Encontros Econ\u00f3micos de Aix-en-Provence<\/h3><p data-start=\"858\" data-end=\"1040\">Apoiamos os gestores, os decisores e as partes interessadas em <a href=\"https:\/\/www.lesrencontreseconomiques.fr\/\" target=\"_blank\" rel=\"noopener\"><strong data-start=\"923\" data-end=\"955\">Encontros Econ\u00f3micos de Aix<\/strong><\/a>. Motorista dedicado, transferes das esta\u00e7\u00f5es\/aeroportos e gest\u00e3o log\u00edstica de excel\u00eancia.<\/p><hr data-start=\"1042\" data-end=\"1045\" \/><h3 data-start=\"1047\" data-end=\"1082\">\ud83c\udfb6 Festival d'Aix-en-Provence<\/h3><p data-start=\"1083\" data-end=\"1272\">Para o prestigiado <strong data-start=\"1103\" data-end=\"1121\">Festival d'Aix<\/strong>A Class eDriver oferece um servi\u00e7o personalizado: transfers VIP, ve\u00edculos el\u00e9ctricos topo de gama e condutores experientes.<\/p><hr data-start=\"1274\" data-end=\"1277\" \/><h3 data-start=\"1279\" data-end=\"1306\">\ud83d\udc57 Semana da Moda de Paris<\/h3><p data-start=\"1307\" data-end=\"1485\">No <strong data-start=\"1312\" data-end=\"1334\">Semana da Moda de Paris<\/strong>Cada minuto conta. Asseguramos a mobilidade de estilistas, modelos, jornalistas e convidados VIP com um servi\u00e7o de excel\u00eancia, discreto e reativo.<\/p><p><a href=\"https:\/\/www.vtc-limousine.fr\/pt\/servico-de-motorista-evento-casamento\/classe-edriver-eventos-transporte-vip-evenementiel\/\" target=\"_blank\" rel=\"noopener\">Descubra as nossas solu\u00e7\u00f5es para eventos<\/a><\/p><h3>Mobilidade para os PMD e as ag\u00eancias de turismo<\/h3><p>O <strong>Empresas de gest\u00e3o de destinos<\/strong> beneficiar de motoristas formados em hospitalidade internacional e capazes de gerir programas tur\u00edsticos completos: passeios, excurs\u00f5es ou visitas guiadas.<\/p><p><a href=\"#\">Ver os nossos servi\u00e7os DMC<\/a><\/p><h3>Transporte para clubes desportivos e miss\u00f5es oficiais<\/h3><p>Fornecemos <strong>seguran\u00e7a, pontualidade e discri\u00e7\u00e3o<\/strong> para equipas desportivas, delega\u00e7\u00f5es oficiais ou VIPs, garantindo um transporte sem problemas para competi\u00e7\u00f5es, confer\u00eancias ou miss\u00f5es diplom\u00e1ticas.<\/p><p><a href=\"#\">Transportes desportivos e oficiais<\/a><\/p><h2>Uma frota Premium e eco-respons\u00e1vel<\/h2><p>A nossa frota combina <strong>ve\u00edculos el\u00e9ctricos topo de gama<\/strong> (Tesla, Mercedes EQS\/EQE\/EQV) e <strong>ve\u00edculos de combust\u00e3o com baixas emiss\u00f5es<\/strong>para um transporte amigo do ambiente sem comprometer o conforto.<\/p><p>Cada condutor \u00e9 <strong>bilingue e com forma\u00e7\u00e3o em hotelaria de qualidade<\/strong>garantindo uma experi\u00eancia impec\u00e1vel ao cliente.<\/p><p><a href=\"https:\/\/www.vtc-limousine.fr\/pt\/classe-edriver-limousine\/os-nossos-veiculos\/\" target=\"_blank\" rel=\"noopener\">Descubra a nossa frota<\/a><\/p><h2>Porqu\u00ea escolher a Class eDriver Limousine?<\/h2><ul><li><strong>Capacidade de resposta 24\/7<\/strong> Disponibilidade imediata para todos os seus pedidos, mesmo a curto prazo.<\/li><li><strong>Flexibilidade<\/strong> : Transferes pontuais, visitas tur\u00edsticas ou gest\u00e3o de eventos m\u00faltiplos.<\/li><li><strong>Experi\u00eancia B2B<\/strong> : Anos de experi\u00eancia em transporte de eventos e VIP.<\/li><li><strong>Cobertura nacional<\/strong> Aix-en-Provence, Marselha, Avignon, Cannes, St Tropez, Nice, M\u00f3naco, Lyon, Paris e toda a Fran\u00e7a a pedido.<\/li><li><strong>Compromisso com o ambiente<\/strong> Frota amiga do ambiente para satisfazer as expectativas dos seus clientes preocupados com a sustentabilidade.<\/li><\/ul><h2>FAQ - Chauffeur privado e transporte B2B<\/h2><p>Para mais informa\u00e7\u00f5es sobre os nossos servi\u00e7os, consulte as nossas FAQ integradas acima. As respostas est\u00e3o optimizadas para o Google e para os seus clientes B2B.<\/p><h2>Contacto Class eDriver Limousine<\/h2><p>Para o seu <strong>ag\u00eancias de turismo, organizadores de eventos, DMCs, clubes desportivos ou miss\u00f5es oficiais<\/strong>Escolha um parceiro fi\u00e1vel e topo de gama. Ofere\u00e7a aos seus clientes um transporte de qualidade, pontual e eco-respons\u00e1vel.<\/p><p>\ud83d\udce7 <a href=\"mailto:contact@class-edriver.fr\">contact@class-edriver.fr<\/a> | \ud83d\udcde +33 (0)4 13 33 33 00<\/p>\t\t\t\t\t\t\t\t<\/div>\n\t\t\t\t<\/div>\n\t\t\t\t\t<\/div>\n\t\t<\/div>\n\t\t\t\t<div class=\"elementor-column elementor-col-33 elementor-top-column elementor-element elementor-element-3e3ac07\" data-id=\"3e3ac07\" data-element_type=\"column\" data-e-type=\"column\">\n\t\t\t<div class=\"elementor-widget-wrap elementor-element-populated\">\n\t\t\t\t\t\t<div class=\"elementor-element elementor-element-cb05240 elementor--h-position-center elementor--v-position-middle elementor-arrows-position-inside elementor-pagination-position-inside elementor-widget elementor-widget-slides\" data-id=\"cb05240\" data-element_type=\"widget\" data-e-type=\"widget\" data-settings=\"{&quot;navigation&quot;:&quot;both&quot;,&quot;autoplay&quot;:&quot;yes&quot;,&quot;pause_on_hover&quot;:&quot;yes&quot;,&quot;pause_on_interaction&quot;:&quot;yes&quot;,&quot;autoplay_speed&quot;:5000,&quot;infinite&quot;:&quot;yes&quot;,&quot;transition&quot;:&quot;slide&quot;,&quot;transition_speed&quot;:500}\" data-widget_type=\"slides.default\">\n\t\t\t\t<div class=\"elementor-widget-container\">\n\t\t\t\t\t\t\t\t\t<div class=\"elementor-swiper\">\n\t\t\t\t\t<div class=\"elementor-slides-wrapper elementor-main-swiper swiper\" role=\"region\" aria-roledescription=\"carousel\" aria-label=\"Deslizamentos\" dir=\"ltr\" data-animation=\"fadeInUp\">\n\t\t\t\t<div class=\"swiper-wrapper elementor-slides\">\n\t\t\t\t\t\t\t\t\t\t<div class=\"elementor-repeater-item-a841b88 swiper-slide\" role=\"group\" aria-roledescription=\"slide\"><div class=\"swiper-slide-bg\" role=\"img\" aria-label=\"Servi\u00e7o de motorista privado topo de gama e transferes para eventos e neg\u00f3cios na Proven\u00e7a e na Riviera Francesa.\"><\/div><a class=\"swiper-slide-inner\" href=\"https:\/\/www.vtc-limousine.fr\/pt\/classe-edriver-limousine\/os-nossos-veiculos\/\"><div class=\"swiper-slide-contents\"><div class=\"elementor-slide-description\">Uma vasta escolha de ve\u00edculos Premium Mercedes e Tesla<\/div><div  class=\"elementor-button elementor-slide-button elementor-size-sm\">Os nossos ve\u00edculos<\/div><\/div><\/a><\/div><div class=\"elementor-repeater-item-5c222c0 swiper-slide\" role=\"group\" aria-roledescription=\"slide\"><div class=\"swiper-slide-bg\" role=\"img\" aria-label=\"Chauffeur privado Cannes\"><\/div><a class=\"swiper-slide-inner\" href=\"https:\/\/www.vtc-limousine.fr\/pt\/classe-edriver-limousine\/os-nossos-veiculos\/\"><div class=\"swiper-slide-contents\"><div class=\"elementor-slide-description\">Uma vasta escolha de ve\u00edculos el\u00e9ctricos Mercedes 100% Premium<\/div><div  class=\"elementor-button elementor-slide-button elementor-size-sm\">Os nossos ve\u00edculos<\/div><\/div><\/a><\/div><div class=\"elementor-repeater-item-71f4180 swiper-slide\" role=\"group\" aria-roledescription=\"slide\"><div class=\"swiper-slide-bg\" role=\"img\" aria-label=\"Carro el\u00e9trico com condutor Cannes\"><\/div><a class=\"swiper-slide-inner\" href=\"https:\/\/www.vtc-limousine.fr\/pt\/classe-edriver-limousine\/os-nossos-veiculos\/\"><div class=\"swiper-slide-contents\"><div class=\"elementor-slide-heading\">Os nossos ve\u00edculos<\/div><div class=\"elementor-slide-description\">Uma vasta escolha de ve\u00edculos el\u00e9ctricos Mercedes 100% Premium<\/div><div  class=\"elementor-button elementor-slide-button elementor-size-sm\">Clique aqui<\/div><\/div><\/a><\/div><div class=\"elementor-repeater-item-405df3e swiper-slide\" role=\"group\" aria-roledescription=\"slide\"><div class=\"swiper-slide-bg\" role=\"img\" aria-label=\"Servi\u00e7o de iates em Cannes\"><\/div><div class=\"swiper-slide-inner\" ><div class=\"swiper-slide-contents\"><\/div><\/div><\/div>\t\t\t\t<\/div>\n\t\t\t\t\t\t\t\t\t\t\t\t\t\t\t<div class=\"elementor-swiper-button elementor-swiper-button-prev\" role=\"button\" tabindex=\"0\" aria-label=\"\u4e0a\u4e00\u5f20\u5e7b\u706f\u7247\" data-no-translation-aria-label=\"\">\n\t\t\t\t\t\t\t<i aria-hidden=\"true\" class=\"eicon-chevron-left\"><\/i>\t\t\t\t\t\t<\/div>\n\t\t\t\t\t\t<div class=\"elementor-swiper-button elementor-swiper-button-next\" role=\"button\" tabindex=\"0\" aria-label=\"\u4e0b\u4e00\u5f20\u5e7b\u706f\u7247\" data-no-translation-aria-label=\"\">\n\t\t\t\t\t\t\t<i aria-hidden=\"true\" class=\"eicon-chevron-right\"><\/i>\t\t\t\t\t\t<\/div>\n\t\t\t\t\t\t\t\t\t\t\t\t\t\t\t\t<div class=\"swiper-pagination\"><\/div>\n\t\t\t\t\t\t\t\t\t\t\t\t<\/div>\n\t\t\t\t<\/div>\n\t\t\t\t\t\t\t\t<\/div>\n\t\t\t\t<\/div>\n\t\t\t\t<div class=\"elementor-element elementor-element-facfb6d elementor-widget elementor-widget-text-editor\" data-id=\"facfb6d\" data-element_type=\"widget\" data-e-type=\"widget\" data-widget_type=\"text-editor.default\">\n\t\t\t\t<div class=\"elementor-widget-container\">\n\t\t\t\t\t\t\t\t\t<h2 data-start=\"3238\" data-end=\"3279\">FAQ - Chauffeur privado e transporte B2B<\/h2><p data-start=\"3281\" data-end=\"3502\"><strong data-start=\"3281\" data-end=\"3354\">Q1: Que tipos de ve\u00edculos est\u00e3o dispon\u00edveis para as ag\u00eancias B2B?<\/strong><br data-start=\"3354\" data-end=\"3357\" \/>Oferecemos ve\u00edculos el\u00e9ctricos e de combust\u00e3o interna topo de gama, adaptados a transfer\u00eancias individuais ou de grupo, para um conforto \u00f3timo.<\/p><p data-start=\"3504\" data-end=\"3695\"><strong data-start=\"3504\" data-end=\"3548\">Q2 : Os motoristas s\u00e3o bilingues?<\/strong><br data-start=\"3548\" data-end=\"3551\" \/>Sim, todos os nossos motoristas s\u00e3o <strong data-start=\"3581\" data-end=\"3594\">bilingue<\/strong> e com forma\u00e7\u00e3o em hotelaria de luxo, garantindo uma experi\u00eancia perfeita para os seus clientes internacionais.<\/p><p data-start=\"3697\" data-end=\"3898\"><strong data-start=\"3697\" data-end=\"3771\">P3: \u00c9 poss\u00edvel reservar transfer\u00eancias de \u00faltima hora?<\/strong><br data-start=\"3771\" data-end=\"3774\" \/>Sem d\u00favida. O nosso servi\u00e7o <strong data-start=\"3800\" data-end=\"3808\">24\/7<\/strong> permite-nos gerir pedidos pontuais ou urgentes sem comprometer a qualidade.<\/p><p data-start=\"3900\" data-end=\"4096\"><strong data-start=\"3900\" data-end=\"3953\">Q4: Que tipos de eventos podem ser geridos?<\/strong><br data-start=\"3953\" data-end=\"3956\" \/>Abrangemos <strong data-start=\"3974\" data-end=\"4046\">conven\u00e7\u00f5es, feiras comerciais, eventos privados, eventos desportivos e miss\u00f5es oficiais<\/strong>com uma log\u00edstica adaptada a cada ocasi\u00e3o.<\/p><p data-start=\"4098\" data-end=\"4278\"><strong data-start=\"4098\" data-end=\"4133\">Q5: Onde est\u00e1 dispon\u00edvel?<\/strong><br data-start=\"4133\" data-end=\"4136\" \/>As nossas filiais est\u00e3o situadas em <strong data-start=\"4162\" data-end=\"4191\">Aix-en-Provence, Cannes<\/strong>, <strong>Paris<\/strong> com servi\u00e7os dispon\u00edveis em <strong data-start=\"4225\" data-end=\"4275\">Lyon, Marselha, St Tropez , Nice, M\u00f3naco e toda a Fran\u00e7a a pedido<\/strong>.<\/p>\t\t\t\t\t\t\t\t<\/div>\n\t\t\t\t<\/div>\n\t\t\t\t\t<\/div>\n\t\t<\/div>\n\t\t\t\t\t<\/div>\n\t\t<\/section>\n\t\t\t\t<section class=\"elementor-section elementor-top-section elementor-element elementor-element-ce491a5 elementor-section-boxed elementor-section-height-default elementor-section-height-default\" data-id=\"ce491a5\" data-element_type=\"section\" data-e-type=\"section\">\n\t\t\t\t\t\t<div class=\"elementor-container elementor-column-gap-default\">\n\t\t\t\t\t<div class=\"elementor-column elementor-col-100 elementor-top-column elementor-element elementor-element-6db17f4\" data-id=\"6db17f4\" data-element_type=\"column\" data-e-type=\"column\">\n\t\t\t<div class=\"elementor-widget-wrap\">\n\t\t\t\t\t\t\t<\/div>\n\t\t<\/div>\n\t\t\t\t\t<\/div>\n\t\t<\/section>\n\t\t\t\t<\/div>","protected":false},"excerpt":{"rendered":"<p>No sector B2B, onde a pontualidade, a fiabilidade e a experi\u00eancia do cliente s\u00e3o essenciais, a Class eDriver Limousine \u00e9 o parceiro ideal para ag\u00eancias de turismo, organizadores de eventos, DMC, clubes desportivos e miss\u00f5es oficiais. A nossa miss\u00e3o: transformar cada viagem numa experi\u00eancia de excel\u00eancia, adaptada \u00e0s necessidades espec\u00edficas dos seus clientes e colaboradores.<\/p>","protected":false},"author":2,"featured_media":21305,"comment_status":"closed","ping_status":"closed","sticky":false,"template":"","format":"standard","meta":{"footnotes":""},"categories":[1],"tags":[],"class_list":["post-23173","post","type-post","status-publish","format-standard","has-post-thumbnail","hentry","category-uncategorized"],"_links":{"self":[{"href":"https:\/\/www.vtc-limousine.fr\/pt\/wp-json\/wp\/v2\/posts\/23173","targetHints":{"allow":["GET"]}}],"collection":[{"href":"https:\/\/www.vtc-limousine.fr\/pt\/wp-json\/wp\/v2\/posts"}],"about":[{"href":"https:\/\/www.vtc-limousine.fr\/pt\/wp-json\/wp\/v2\/types\/post"}],"author":[{"embeddable":true,"href":"https:\/\/www.vtc-limousine.fr\/pt\/wp-json\/wp\/v2\/users\/2"}],"replies":[{"embeddable":true,"href":"https:\/\/www.vtc-limousine.fr\/pt\/wp-json\/wp\/v2\/comments?post=23173"}],"version-history":[{"count":27,"href":"https:\/\/www.vtc-limousine.fr\/pt\/wp-json\/wp\/v2\/posts\/23173\/revisions"}],"predecessor-version":[{"id":23219,"href":"https:\/\/www.vtc-limousine.fr\/pt\/wp-json\/wp\/v2\/posts\/23173\/revisions\/23219"}],"wp:featuredmedia":[{"embeddable":true,"href":"https:\/\/www.vtc-limousine.fr\/pt\/wp-json\/wp\/v2\/media\/21305"}],"wp:attachment":[{"href":"https:\/\/www.vtc-limousine.fr\/pt\/wp-json\/wp\/v2\/media?parent=23173"}],"wp:term":[{"taxonomy":"category","embeddable":true,"href":"https:\/\/www.vtc-limousine.fr\/pt\/wp-json\/wp\/v2\/categories?post=23173"},{"taxonomy":"post_tag","embeddable":true,"href":"https:\/\/www.vtc-limousine.fr\/pt\/wp-json\/wp\/v2\/tags?post=23173"}],"curies":[{"name":"wp","href":"https:\/\/api.w.org\/{rel}","templated":true}]}}