{"id":23161,"date":"2025-10-02T15:55:47","date_gmt":"2025-10-02T15:55:47","guid":{"rendered":"https:\/\/www.vtc-limousine.fr\/?p=23161"},"modified":"2025-10-03T07:25:15","modified_gmt":"2025-10-03T07:25:15","slug":"motorista-privado-aix-en-provence-vtc-topo-de-gama-com-classe-edriver-limousine","status":"publish","type":"post","link":"https:\/\/www.vtc-limousine.fr\/pt\/motorista-privado-aix-en-provence-vtc-topo-de-gama-com-classe-edriver-limousine\/","title":{"rendered":"Motorista privado Aix-en-Provence - VTC topo de gama com Limousine Class eDriver"},"content":{"rendered":"<div data-elementor-type=\"wp-post\" data-elementor-id=\"23161\" class=\"elementor elementor-23161\" data-elementor-post-type=\"post\">\n\t\t\t\t\t\t<section class=\"elementor-section elementor-top-section elementor-element elementor-element-ff7f2cc elementor-section-boxed elementor-section-height-default elementor-section-height-default\" data-id=\"ff7f2cc\" data-element_type=\"section\" data-e-type=\"section\">\n\t\t\t\t\t\t<div class=\"elementor-container elementor-column-gap-default\">\n\t\t\t\t\t<div class=\"elementor-column elementor-col-66 elementor-top-column elementor-element elementor-element-a1d7e73\" data-id=\"a1d7e73\" data-element_type=\"column\" data-e-type=\"column\">\n\t\t\t<div class=\"elementor-widget-wrap elementor-element-populated\">\n\t\t\t\t\t\t<div class=\"elementor-element elementor-element-6d028e1 elementor-widget elementor-widget-heading\" data-id=\"6d028e1\" data-element_type=\"widget\" data-e-type=\"widget\" data-widget_type=\"heading.default\">\n\t\t\t\t<div class=\"elementor-widget-container\">\n\t\t\t\t\t<h2 class=\"elementor-heading-title elementor-size-default\">Chauffeur privado em Aix en Provence - Um servi\u00e7o topo de gama e eco-respons\u00e1vel<\/h2>\t\t\t\t<\/div>\n\t\t\t\t<\/div>\n\t\t\t\t\t<\/div>\n\t\t<\/div>\n\t\t\t\t<div class=\"elementor-column elementor-col-33 elementor-top-column elementor-element elementor-element-55636f1\" data-id=\"55636f1\" data-element_type=\"column\" data-e-type=\"column\">\n\t\t\t<div class=\"elementor-widget-wrap\">\n\t\t\t\t\t\t\t<\/div>\n\t\t<\/div>\n\t\t\t\t\t<\/div>\n\t\t<\/section>\n\t\t\t\t<section class=\"elementor-section elementor-top-section elementor-element elementor-element-9389fc4 elementor-section-boxed elementor-section-height-default elementor-section-height-default\" data-id=\"9389fc4\" data-element_type=\"section\" data-e-type=\"section\">\n\t\t\t\t\t\t<div class=\"elementor-container elementor-column-gap-default\">\n\t\t\t\t\t<div class=\"elementor-column elementor-col-66 elementor-top-column elementor-element elementor-element-1757ccf\" data-id=\"1757ccf\" data-element_type=\"column\" data-e-type=\"column\">\n\t\t\t<div class=\"elementor-widget-wrap elementor-element-populated\">\n\t\t\t\t\t\t<div class=\"elementor-element elementor-element-4bce73c elementor-widget elementor-widget-text-editor\" data-id=\"4bce73c\" data-element_type=\"widget\" data-e-type=\"widget\" data-widget_type=\"text-editor.default\">\n\t\t\t\t<div class=\"elementor-widget-container\">\n\t\t\t\t\t\t\t\t\t<article><h1>\ud83d\ude98 Motorista privado em Aix-en-Provence: eleg\u00e2ncia e conforto da Class eDriver Limousine<\/h1><p><strong>Aix-en-Provence<\/strong>a p\u00e9rola da Proven\u00e7a, atrai tanto os viajantes de neg\u00f3cios como os turistas em busca de cultura e da arte de viver. Nesta cidade din\u00e2mica, a escolha de um <strong>motorista privado topo de gama<\/strong> para viajar com toda a tranquilidade. A Class eDriver Limousine distingue-se pelo seu servi\u00e7o personalizado, que alia conforto, discri\u00e7\u00e3o e ecologia.<\/p><h2>1. Motorista privado em Aix-en-Provence: conforto quotidiano e tranquilidade<\/h2><p>Optar por um <strong>VTC Premium em <a href=\"https:\/\/www.aixenprovencetourism.com\/\" target=\"_blank\" rel=\"noopener\">Aix-en-Provence<\/a><\/strong>A Class eDriver \u00e9 muito mais do que uma simples viagem. Ao contr\u00e1rio dos t\u00e1xis tradicionais, a Class eDriver oferece pontualidade, conforto e aten\u00e7\u00e3o personalizada.<\/p><ul><li>Transfer\u00eancias de <strong>Esta\u00e7\u00e3o de TGV de Aix-en-Provence<\/strong><\/li><li>Transporte para o<strong>Aeroporto de Marselha-Provence<\/strong><\/li><li>Desloca\u00e7\u00f5es a hot\u00e9is, propriedades e locais de eventos<\/li><\/ul><p>Os nossos motoristas bilingues asseguram uma experi\u00eancia sem problemas, ideal para viajantes regulares e ocasionais.<\/p><h2>2. Uma frota moderna e respeitadora do ambiente: luxo respons\u00e1vel<\/h2><p>A Class eDriver conta com uma frota inovadora de ve\u00edculos, incluindo <strong>100 % el\u00e9trico<\/strong> (Tesla, Mercedes EQS\/EQE\/EQV) e modelos recentes de combust\u00e3o interna com baixas emiss\u00f5es.<\/p><ul><li>Sil\u00eancio de condu\u00e7\u00e3o inigual\u00e1vel<\/li><li>Interiores espa\u00e7osos e requintados<\/li><li>Reduzir a pegada de carbono<\/li><\/ul><p>Uma escolha ideal para empresas e particulares que procuram combinar <em>luxo e respeito pelo ambiente<\/em>.<\/p><h2>3. Transferes profissionais e privados em Aix-en-Provence<\/h2><h3>\u2714\ufe0f Para as empresas<\/h3><p>Os semin\u00e1rios, confer\u00eancias e reuni\u00f5es de neg\u00f3cios devem ser perfeitamente organizados. Os nossos motoristas privados garantem um transporte fi\u00e1vel e pontual para os centros de congressos e hot\u00e9is de Aix.<\/p><h3>\u2714\ufe0f Para particulares<\/h3><p>Casamentos, anivers\u00e1rios, noites de gala ou jantares rom\u00e2nticos: n\u00f3s tratamos das suas viagens com eleg\u00e2ncia e discri\u00e7\u00e3o. Dispon\u00edvel 24 horas por dia, 7 dias por semana, para uma tranquilidade total.<\/p><h2>4. Excurs\u00f5es e turismo na Proven\u00e7a com motorista<\/h2><p>Com um <strong>motorista particular em Aix-en-Provence<\/strong>Explore a regi\u00e3o sem os constrangimentos de conduzir ou estacionar.<\/p><ul><li><strong>Aix-en-Provence<\/strong> Cours Mirabeau, fontes, C\u00e9zanne.<\/li><li><strong>Sainte-Victoire<\/strong> e as suas vinhas.<\/li><li><strong>Luberon<\/strong> Gordes, Roussillon, Lourmarin.<\/li><li><strong>Marselha e Cassis<\/strong> Porto Velho, Calanques.<\/li><li><strong>C\u00f4te d'Azur<\/strong> Cannes, Nice, M\u00f3naco.<\/li><\/ul><p>Cada circuito \u00e9 <em>personalizado<\/em> de acordo com os seus desejos de turismo topo de gama.<\/p><h2>5. Porqu\u00ea escolher Class eDriver Limousine em Aix-en-Provence?<\/h2><ul><li><strong>Presen\u00e7a local<\/strong> e um conhecimento perfeito da regi\u00e3o<\/li><li><strong>Condutores bilingues<\/strong>experiente e discreto<\/li><li><strong>Disponibilidade 24\/7<\/strong>adaptado aos hor\u00e1rios e eventos dos voos<\/li><li>Servi\u00e7os tamb\u00e9m dispon\u00edveis em <strong>Cannes, Lyon e Paris<\/strong><\/li><\/ul><p><em>Testemunhos de clientes :<\/em><br \/>\"Servi\u00e7o impec\u00e1vel para as nossas transfer\u00eancias comerciais.\"<br \/>\"Excurs\u00e3o inesquec\u00edvel no Luberon com um motorista profissional.\"<br \/>\"Magn\u00edfico Tesla para o nosso casamento em Aix-en-Provence!\"<\/p><h2>Conclus\u00e3o<\/h2><p>Com <strong>Classe eDriver Limousine<\/strong>Aix-en-Provence, as suas desloca\u00e7\u00f5es em Aix-en-Provence ganham outra dimens\u00e3o: eleg\u00e2ncia, conforto e ecologia. Quer necessite de um transfer para o aeroporto de Marselha, de uma viagem a partir da esta\u00e7\u00e3o de TGV ou de uma excurs\u00e3o privada, os nossos motoristas est\u00e3o ao seu dispor.<\/p><p><strong>\ud83d\udcf2 Reservar agora<\/strong> o seu motorista privado em Aix-en-Provence a <a href=\"tel:+33413333300\">+33 (0)4 13 33 33 00<\/a> ou em linha em <a href=\"https:\/\/class-edriver.fr\" target=\"_blank\" rel=\"noopener\">Class-eDriver.fr<\/a>.<\/p><\/article>\t\t\t\t\t\t\t\t<\/div>\n\t\t\t\t<\/div>\n\t\t\t\t\t<\/div>\n\t\t<\/div>\n\t\t\t\t<div class=\"elementor-column elementor-col-33 elementor-top-column elementor-element elementor-element-3e3ac07\" data-id=\"3e3ac07\" data-element_type=\"column\" data-e-type=\"column\">\n\t\t\t<div class=\"elementor-widget-wrap elementor-element-populated\">\n\t\t\t\t\t\t<div class=\"elementor-element elementor-element-cb05240 elementor--h-position-center elementor--v-position-middle elementor-arrows-position-inside elementor-pagination-position-inside elementor-widget elementor-widget-slides\" data-id=\"cb05240\" data-element_type=\"widget\" data-e-type=\"widget\" data-settings=\"{&quot;navigation&quot;:&quot;both&quot;,&quot;autoplay&quot;:&quot;yes&quot;,&quot;pause_on_hover&quot;:&quot;yes&quot;,&quot;pause_on_interaction&quot;:&quot;yes&quot;,&quot;autoplay_speed&quot;:5000,&quot;infinite&quot;:&quot;yes&quot;,&quot;transition&quot;:&quot;slide&quot;,&quot;transition_speed&quot;:500}\" data-widget_type=\"slides.default\">\n\t\t\t\t<div class=\"elementor-widget-container\">\n\t\t\t\t\t\t\t\t\t<div class=\"elementor-swiper\">\n\t\t\t\t\t<div class=\"elementor-slides-wrapper elementor-main-swiper swiper\" role=\"region\" aria-roledescription=\"carousel\" aria-label=\"Deslizamentos\" dir=\"ltr\" data-animation=\"fadeInUp\">\n\t\t\t\t<div class=\"swiper-wrapper elementor-slides\">\n\t\t\t\t\t\t\t\t\t\t<div class=\"elementor-repeater-item-a841b88 swiper-slide\" role=\"group\" aria-roledescription=\"slide\"><div class=\"swiper-slide-bg\" role=\"img\" aria-label=\"Servi\u00e7o de motorista privado topo de gama e transferes para eventos e neg\u00f3cios na Proven\u00e7a e na Riviera Francesa.\"><\/div><a class=\"swiper-slide-inner\" href=\"https:\/\/www.vtc-limousine.fr\/pt\/classe-edriver-limousine\/os-nossos-veiculos\/\"><div class=\"swiper-slide-contents\"><div class=\"elementor-slide-description\">Uma vasta escolha de ve\u00edculos Premium Mercedes e Tesla<\/div><div  class=\"elementor-button elementor-slide-button elementor-size-sm\">Os nossos ve\u00edculos<\/div><\/div><\/a><\/div><div class=\"elementor-repeater-item-5c222c0 swiper-slide\" role=\"group\" aria-roledescription=\"slide\"><div class=\"swiper-slide-bg\" role=\"img\" aria-label=\"Chauffeur privado Cannes\"><\/div><a class=\"swiper-slide-inner\" href=\"https:\/\/www.vtc-limousine.fr\/pt\/classe-edriver-limousine\/os-nossos-veiculos\/\"><div class=\"swiper-slide-contents\"><div class=\"elementor-slide-description\">Uma vasta escolha de ve\u00edculos el\u00e9ctricos Mercedes 100% Premium<\/div><div  class=\"elementor-button elementor-slide-button elementor-size-sm\">Os nossos ve\u00edculos<\/div><\/div><\/a><\/div><div class=\"elementor-repeater-item-71f4180 swiper-slide\" role=\"group\" aria-roledescription=\"slide\"><div class=\"swiper-slide-bg\" role=\"img\" aria-label=\"Carro el\u00e9trico com condutor Cannes\"><\/div><a class=\"swiper-slide-inner\" href=\"https:\/\/www.vtc-limousine.fr\/pt\/classe-edriver-limousine\/os-nossos-veiculos\/\"><div class=\"swiper-slide-contents\"><div class=\"elementor-slide-heading\">Os nossos ve\u00edculos<\/div><div class=\"elementor-slide-description\">Uma vasta escolha de ve\u00edculos el\u00e9ctricos Mercedes 100% Premium<\/div><div  class=\"elementor-button elementor-slide-button elementor-size-sm\">Clique aqui<\/div><\/div><\/a><\/div><div class=\"elementor-repeater-item-405df3e swiper-slide\" role=\"group\" aria-roledescription=\"slide\"><div class=\"swiper-slide-bg\" role=\"img\" aria-label=\"Servi\u00e7o de iates em Cannes\"><\/div><div class=\"swiper-slide-inner\" ><div class=\"swiper-slide-contents\"><\/div><\/div><\/div>\t\t\t\t<\/div>\n\t\t\t\t\t\t\t\t\t\t\t\t\t\t\t<div class=\"elementor-swiper-button elementor-swiper-button-prev\" role=\"button\" tabindex=\"0\" aria-label=\"Deslizamento anterior\" data-no-translation-aria-label=\"\">\n\t\t\t\t\t\t\t<i aria-hidden=\"true\" class=\"eicon-chevron-left\"><\/i>\t\t\t\t\t\t<\/div>\n\t\t\t\t\t\t<div class=\"elementor-swiper-button elementor-swiper-button-next\" role=\"button\" tabindex=\"0\" aria-label=\"Pr\u00f3ximo slide\" data-no-translation-aria-label=\"\">\n\t\t\t\t\t\t\t<i aria-hidden=\"true\" class=\"eicon-chevron-right\"><\/i>\t\t\t\t\t\t<\/div>\n\t\t\t\t\t\t\t\t\t\t\t\t\t\t\t\t<div class=\"swiper-pagination\"><\/div>\n\t\t\t\t\t\t\t\t\t\t\t\t<\/div>\n\t\t\t\t<\/div>\n\t\t\t\t\t\t\t\t<\/div>\n\t\t\t\t<\/div>\n\t\t\t\t<div class=\"elementor-element elementor-element-f91e882 elementor-widget elementor-widget-text-editor\" data-id=\"f91e882\" data-element_type=\"widget\" data-e-type=\"widget\" data-widget_type=\"text-editor.default\">\n\t\t\t\t<div class=\"elementor-widget-container\">\n\t\t\t\t\t\t\t\t\t<h3 data-start=\"137\" data-end=\"182\">Os nossos condutores, o seu valor acrescentado<\/h3>\t\t\t\t\t\t\t\t<\/div>\n\t\t\t\t<\/div>\n\t\t\t\t<div class=\"elementor-element elementor-element-facfb6d elementor-widget elementor-widget-text-editor\" data-id=\"facfb6d\" data-element_type=\"widget\" data-e-type=\"widget\" data-widget_type=\"text-editor.default\">\n\t\t\t\t<div class=\"elementor-widget-container\">\n\t\t\t\t\t\t\t\t\t<p data-start=\"183\" data-end=\"786\">Com <strong data-start=\"188\" data-end=\"215\">Classe eDriver Limousine<\/strong>Cada viagem \u00e9 uma experi\u00eancia \u00fanica. <a href=\"https:\/\/www.vtc-limousine.fr\/pt\/classe-edriver-limousine\/os-nossos-motoristas-privados\/\" target=\"_blank\" rel=\"noopener\">Os nossos motoristas privados<\/a>Os nossos motoristas pontuais, bilingues e especializados n\u00e3o se limitam a conduzir: antecipam as suas necessidades e prestam um servi\u00e7o \u00e0 medida. Quer se trate de transferes de neg\u00f3cios, casamentos ou excurs\u00f5es tur\u00edsticas, eles oferecem-lhe conforto, discri\u00e7\u00e3o e paz de esp\u00edrito. Os seus conhecimentos locais e o seu profissionalismo transformam cada viagem numa experi\u00eancia agrad\u00e1vel e tranquila, fazendo com que seja um prazer trabalhar com os nossos motoristas. <strong data-start=\"704\" data-end=\"728\">valor acrescentado real<\/strong> para as suas viagens em Aix-en-Provence e na Proven\u00e7a.<\/p>\t\t\t\t\t\t\t\t<\/div>\n\t\t\t\t<\/div>\n\t\t\t\t\t<\/div>\n\t\t<\/div>\n\t\t\t\t\t<\/div>\n\t\t<\/section>\n\t\t\t\t<section class=\"elementor-section elementor-top-section elementor-element elementor-element-ce491a5 elementor-section-boxed elementor-section-height-default elementor-section-height-default\" data-id=\"ce491a5\" data-element_type=\"section\" data-e-type=\"section\">\n\t\t\t\t\t\t<div class=\"elementor-container elementor-column-gap-default\">\n\t\t\t\t\t<div class=\"elementor-column elementor-col-100 elementor-top-column elementor-element elementor-element-6db17f4\" data-id=\"6db17f4\" data-element_type=\"column\" data-e-type=\"column\">\n\t\t\t<div class=\"elementor-widget-wrap\">\n\t\t\t\t\t\t\t<\/div>\n\t\t<\/div>\n\t\t\t\t\t<\/div>\n\t\t<\/section>\n\t\t\t\t<\/div>","protected":false},"excerpt":{"rendered":"<p>Aix-en-Provence, a p\u00e9rola da Proven\u00e7a, atrai tanto os viajantes de neg\u00f3cios como os turistas que procuram a cultura e a arte de viver. Nesta cidade din\u00e2mica, a escolha de um motorista privado topo de gama \u00e9 essencial se quiser viajar com tranquilidade. Class eDriver Limousine distingue-se pelo seu servi\u00e7o personalizado, que alia conforto, discri\u00e7\u00e3o e ecologia.<\/p>","protected":false},"author":2,"featured_media":22740,"comment_status":"closed","ping_status":"closed","sticky":false,"template":"","format":"standard","meta":{"footnotes":""},"categories":[16],"tags":[],"class_list":["post-23161","post","type-post","status-publish","format-standard","has-post-thumbnail","hentry","category-actualites"],"_links":{"self":[{"href":"https:\/\/www.vtc-limousine.fr\/pt\/wp-json\/wp\/v2\/posts\/23161","targetHints":{"allow":["GET"]}}],"collection":[{"href":"https:\/\/www.vtc-limousine.fr\/pt\/wp-json\/wp\/v2\/posts"}],"about":[{"href":"https:\/\/www.vtc-limousine.fr\/pt\/wp-json\/wp\/v2\/types\/post"}],"author":[{"embeddable":true,"href":"https:\/\/www.vtc-limousine.fr\/pt\/wp-json\/wp\/v2\/users\/2"}],"replies":[{"embeddable":true,"href":"https:\/\/www.vtc-limousine.fr\/pt\/wp-json\/wp\/v2\/comments?post=23161"}],"version-history":[{"count":12,"href":"https:\/\/www.vtc-limousine.fr\/pt\/wp-json\/wp\/v2\/posts\/23161\/revisions"}],"predecessor-version":[{"id":23208,"href":"https:\/\/www.vtc-limousine.fr\/pt\/wp-json\/wp\/v2\/posts\/23161\/revisions\/23208"}],"wp:featuredmedia":[{"embeddable":true,"href":"https:\/\/www.vtc-limousine.fr\/pt\/wp-json\/wp\/v2\/media\/22740"}],"wp:attachment":[{"href":"https:\/\/www.vtc-limousine.fr\/pt\/wp-json\/wp\/v2\/media?parent=23161"}],"wp:term":[{"taxonomy":"category","embeddable":true,"href":"https:\/\/www.vtc-limousine.fr\/pt\/wp-json\/wp\/v2\/categories?post=23161"},{"taxonomy":"post_tag","embeddable":true,"href":"https:\/\/www.vtc-limousine.fr\/pt\/wp-json\/wp\/v2\/tags?post=23161"}],"curies":[{"name":"wp","href":"https:\/\/api.w.org\/{rel}","templated":true}]}}