{"id":23587,"date":"2026-03-13T10:06:45","date_gmt":"2026-03-13T10:06:45","guid":{"rendered":"https:\/\/www.vtc-limousine.fr\/?p=23587"},"modified":"2026-03-13T10:06:45","modified_gmt":"2026-03-13T10:06:45","slug":"vip-transport-cannes-aix-marseille","status":"publish","type":"post","link":"https:\/\/www.vtc-limousine.fr\/es\/vip-transport-cannes-aix-marseille\/","title":{"rendered":"Transporte VIP para eventos: Cannes - Aix en Pce - Marsella"},"content":{"rendered":"<div data-elementor-type=\"wp-post\" data-elementor-id=\"23587\" class=\"elementor elementor-23587\" data-elementor-post-type=\"post\">\n\t\t\t\t\t\t<section class=\"elementor-section elementor-top-section elementor-element elementor-element-ff7f2cc elementor-section-boxed elementor-section-height-default elementor-section-height-default\" data-id=\"ff7f2cc\" data-element_type=\"section\" data-e-type=\"section\">\n\t\t\t\t\t\t<div class=\"elementor-container elementor-column-gap-default\">\n\t\t\t\t\t<div class=\"elementor-column elementor-col-66 elementor-top-column elementor-element elementor-element-a1d7e73\" data-id=\"a1d7e73\" data-element_type=\"column\" data-e-type=\"column\">\n\t\t\t<div class=\"elementor-widget-wrap elementor-element-populated\">\n\t\t\t\t\t\t\t<\/div>\n\t\t<\/div>\n\t\t\t\t<div class=\"elementor-column elementor-col-33 elementor-top-column elementor-element elementor-element-55636f1\" data-id=\"55636f1\" data-element_type=\"column\" data-e-type=\"column\">\n\t\t\t<div class=\"elementor-widget-wrap\">\n\t\t\t\t\t\t\t<\/div>\n\t\t<\/div>\n\t\t\t\t\t<\/div>\n\t\t<\/section>\n\t\t\t\t<section class=\"elementor-section elementor-top-section elementor-element elementor-element-a16933e elementor-section-boxed elementor-section-height-default elementor-section-height-default\" data-id=\"a16933e\" data-element_type=\"section\" data-e-type=\"section\">\n\t\t\t\t\t\t<div class=\"elementor-container elementor-column-gap-default\">\n\t\t\t\t\t<div class=\"elementor-column elementor-col-100 elementor-top-column elementor-element elementor-element-135fe3b\" data-id=\"135fe3b\" data-element_type=\"column\" data-e-type=\"column\">\n\t\t\t<div class=\"elementor-widget-wrap elementor-element-populated\">\n\t\t\t\t\t\t<div class=\"elementor-element elementor-element-c138fd7 elementor-widget elementor-widget-text-editor\" data-id=\"c138fd7\" data-element_type=\"widget\" data-e-type=\"widget\" data-widget_type=\"text-editor.default\">\n\t\t\t\t<div class=\"elementor-widget-container\">\n\t\t\t\t\t\t\t\t\t<h2>\u00bfPor qu\u00e9 elegir Class eDriver Limousine para garantizar sus viajes VIP y la log\u00edstica de sus eventos en Cannes, Aix en Provence y Marsella?\u00a0<\/h2>\t\t\t\t\t\t\t\t<\/div>\n\t\t\t\t<\/div>\n\t\t\t\t\t<\/div>\n\t\t<\/div>\n\t\t\t\t\t<\/div>\n\t\t<\/section>\n\t\t\t\t<section class=\"elementor-section elementor-top-section elementor-element elementor-element-9389fc4 elementor-section-boxed elementor-section-height-default elementor-section-height-default\" data-id=\"9389fc4\" data-element_type=\"section\" data-e-type=\"section\">\n\t\t\t\t\t\t<div class=\"elementor-container elementor-column-gap-default\">\n\t\t\t\t\t<div class=\"elementor-column elementor-col-66 elementor-top-column elementor-element elementor-element-1757ccf\" data-id=\"1757ccf\" data-element_type=\"column\" data-e-type=\"column\">\n\t\t\t<div class=\"elementor-widget-wrap elementor-element-populated\">\n\t\t\t\t\t\t<div class=\"elementor-element elementor-element-4bce73c elementor-widget elementor-widget-text-editor\" data-id=\"4bce73c\" data-element_type=\"widget\" data-e-type=\"widget\" data-widget_type=\"text-editor.default\">\n\t\t\t\t<div class=\"elementor-widget-container\">\n\t\t\t\t\t\t\t\t\t<article><h3>Transporte VIP: Organice sus prestigiosos traslados VIP entre Aix, Marsella y Cannes<\/h3><p>En el sector de los eventos de gama alta, ya sea el lanzamiento de una colecci\u00f3n <strong>Chanel<\/strong>producci\u00f3n <strong>Netflix<\/strong> o una conferencia internacional: el transporte es el primer y el \u00faltimo punto de contacto para sus invitados. Una log\u00edstica fluida es una extensi\u00f3n directa de su imagen de marca.<\/p><p>En <strong>Clase eDriver Limusina<\/strong>Orquestamos sus flujos con una flota excepcional. Por eso somos el socio log\u00edstico por excelencia de Aix-en-Provence, Marsella y la Costa Azul.<\/p><h2>Mercedes EQV 100% el\u00e9ctrico: lujo responsable<\/h2><p>Para sus eventos, hemos integrado el <strong>Mercedes EQV<\/strong>. Esta furgoneta el\u00e9ctrica premium 100% est\u00e1 redefiniendo los est\u00e1ndares del transporte para eventos:<\/p><ul><li><strong>Comodidad absoluta:<\/strong> Un interior espacioso, tranquilo y flexible, ideal para que sus VIP trabajen o se relajen.<\/li><li><strong>Cero emisiones :<\/strong> Un argumento de peso para sus revisiones de RSE en los seminarios de empresa.<\/li><li><strong>Elegancia discreta :<\/strong> El ic\u00f3nico dise\u00f1o de Mercedes combinado con la modernidad de la propulsi\u00f3n el\u00e9ctrica.<\/li><\/ul><h2>Sprinter 19 plazas VIP: la excelencia en el transporte de grupos<\/h2><p>Para necesidades de mayor envergadura, nuestro <a href=\"https:\/\/www.vtc-limousine.fr\/es\/clase-edriver-limusina\/nuestros-vehiculos\/mercedes-sprinter-xxl-minibus-de-lujo\/\" target=\"_blank\" rel=\"noopener\"><strong>Sprinter 19 plazas VIP<\/strong><\/a> es la soluci\u00f3n definitiva. Le permite agrupar a sus delegaciones manteniendo un est\u00e1ndar de lujo total (cuero premium, conectividad, espacio generoso), facilitando el acceso a lugares complejos como la Croisette de Par\u00eds. <a href=\"https:\/\/www.canneslions.com\/\" target=\"_blank\" rel=\"noopener\">Cannes<\/a>.<\/p><h2>Nuestros 5 pilares para una log\u00edstica de eventos impecable<\/h2><table style=\"border-collapse: collapse; width: 100%;\" border=\"1\" cellpadding=\"10\"><thead><tr style=\"background-color: #f4f4f4;\"><th>Pilar<\/th><th>Soluci\u00f3n Clase eDriver<\/th><\/tr><\/thead><tbody><tr><td><strong>Coordinaci\u00f3n<\/strong><\/td><td>Contacto 24 horas<\/td><\/tr><tr><td><strong>Protocolos VIP<\/strong><\/td><td>Conductores biling\u00fces, traje formal<\/td><\/tr><tr><td><strong>Gesti\u00f3n de flujos<\/strong><\/td><td>Plan de transporte a medida<\/td><\/tr><tr><td><a href=\"https:\/\/www.vtc-limousine.fr\/es\/servicio-de-chofer-boda-evento\/alquiler-de-coches-electricos-con-conductor\/\" target=\"_blank\" rel=\"noopener\"><strong>Compromiso RSE<\/strong><\/a><\/td><td>Flota Mercedes EQV 100% el\u00e9ctrico<\/td><\/tr><tr><td><strong>Confidencialidad<\/strong><\/td><td>Acuerdos de confidencialidad (NDA)<\/td><\/tr><\/tbody><\/table><h2>Controlar los corredores estrat\u00e9gicos: Aix - Marsella - Cannes<\/h2><p>Conocemos a fondo las especificidades locales: traslados sin contratiempos a <strong>Estaciones de TGV<\/strong>gesti\u00f3n experta del acceso a <a href=\"https:\/\/www.vtc-limousine.fr\/es\/servicios-de-vtc-a-medida\/controlador-privado-para-fbo-privateviation\/\" target=\"_blank\" rel=\"noopener\"><strong>Zonas FBO<\/strong> <\/a>y un profundo conocimiento de las restricciones de tr\u00e1fico en Francia. <strong>Cannes<\/strong>.<\/p><h2>FAQ para organizadores<\/h2><h3>\u00bfC\u00f3mo se coordina el transporte de 100 invitados?<\/h3><p>Class eDriver Limousine asigna un \u00fanico coordinador de transporte que gestiona el manifiesto de traslado y la sincronizaci\u00f3n en tiempo real con sus equipos.<\/p><h3>\u00bfPor qu\u00e9 el Mercedes EQV es ideal para un evento?<\/h3><p>Ofrece la comodidad de un sal\u00f3n m\u00f3vil al tiempo que demuestra un firme compromiso con el medio ambiente, un punto crucial para las empresas modernas.<\/p><hr \/><h2>Reserve la log\u00edstica de su evento<\/h2><p>El \u00e9xito de sus prestigiosos eventos depende de los detalles. Conf\u00ede su transporte a los expertos.<\/p><p><strong>P\u00f3ngase en contacto con nosotros para obtener m\u00e1s informaci\u00f3n:<\/strong><br \/>Tel\u00e9fono: +33(0)4 13 33 33 00<br \/>Correo electr\u00f3nico : <a href=\"mailto:contact@class-edriver.fr\">contact@class-edriver.fr<\/a><\/p><\/article>\t\t\t\t\t\t\t\t<\/div>\n\t\t\t\t<\/div>\n\t\t\t\t\t<\/div>\n\t\t<\/div>\n\t\t\t\t<div class=\"elementor-column elementor-col-33 elementor-top-column elementor-element elementor-element-3e3ac07\" data-id=\"3e3ac07\" data-element_type=\"column\" data-e-type=\"column\">\n\t\t\t<div class=\"elementor-widget-wrap elementor-element-populated\">\n\t\t\t\t\t\t<div class=\"elementor-element elementor-element-cb05240 elementor--h-position-center elementor--v-position-middle elementor-arrows-position-inside elementor-pagination-position-inside elementor-widget elementor-widget-slides\" data-id=\"cb05240\" data-element_type=\"widget\" data-e-type=\"widget\" data-settings=\"{&quot;navigation&quot;:&quot;both&quot;,&quot;autoplay&quot;:&quot;yes&quot;,&quot;pause_on_hover&quot;:&quot;yes&quot;,&quot;pause_on_interaction&quot;:&quot;yes&quot;,&quot;autoplay_speed&quot;:5000,&quot;infinite&quot;:&quot;yes&quot;,&quot;transition&quot;:&quot;slide&quot;,&quot;transition_speed&quot;:500}\" data-widget_type=\"slides.default\">\n\t\t\t\t<div class=\"elementor-widget-container\">\n\t\t\t\t\t\t\t\t\t<div class=\"elementor-swiper\">\n\t\t\t\t\t<div class=\"elementor-slides-wrapper elementor-main-swiper swiper\" role=\"region\" aria-roledescription=\"carousel\" aria-label=\"Diapositivas\" dir=\"ltr\" data-animation=\"fadeInUp\">\n\t\t\t\t<div class=\"swiper-wrapper elementor-slides\">\n\t\t\t\t\t\t\t\t\t\t<div class=\"elementor-repeater-item-a841b88 swiper-slide\" role=\"group\" aria-roledescription=\"slide\"><div class=\"swiper-slide-bg\" role=\"img\" aria-label=\"Servicio de ch\u00f3fer privado de alta gama y traslados para eventos y negocios en Provenza y la Costa Azul.\"><\/div><a class=\"swiper-slide-inner\" href=\"https:\/\/www.vtc-limousine.fr\/en\/class-edriver-limousine-premium-chauffeured-car-service\/our-fleet\/\"><div class=\"swiper-slide-contents\"><div class=\"elementor-slide-description\">Una amplia gama de veh\u00edculos Premium Mercedes y Tesla <\/div><div  class=\"elementor-button elementor-slide-button elementor-size-sm\">Nuestros veh\u00edculos<\/div><\/div><\/a><\/div>\t\t\t\t<\/div>\n\t\t\t\t\t\t\t<\/div>\n\t\t\t\t<\/div>\n\t\t\t\t\t\t\t\t<\/div>\n\t\t\t\t<\/div>\n\t\t\t\t<div class=\"elementor-element elementor-element-bc06f11 elementor-widget elementor-widget-image\" data-id=\"bc06f11\" data-element_type=\"widget\" data-e-type=\"widget\" data-widget_type=\"image.default\">\n\t\t\t\t<div class=\"elementor-widget-container\">\n\t\t\t\t\t\t\t\t\t\t\t\t\t\t\t<img fetchpriority=\"high\" decoding=\"async\" width=\"800\" height=\"591\" src=\"https:\/\/www.vtc-limousine.fr\/wp-content\/uploads\/2026\/03\/1738641866992-2-1024x757.jpg\" class=\"attachment-large size-large wp-image-23610\" alt=\"Veh\u00edculo de prestigio con marca personalizada en la Croisette de Cannes - Log\u00edstica de transporte de eventos para marcas de lujo.\" srcset=\"https:\/\/www.vtc-limousine.fr\/wp-content\/uploads\/2026\/03\/1738641866992-2-1024x757.jpg 1024w, https:\/\/www.vtc-limousine.fr\/wp-content\/uploads\/2026\/03\/1738641866992-2-300x222.jpg 300w, https:\/\/www.vtc-limousine.fr\/wp-content\/uploads\/2026\/03\/1738641866992-2-768x567.jpg 768w, https:\/\/www.vtc-limousine.fr\/wp-content\/uploads\/2026\/03\/1738641866992-2-1536x1135.jpg 1536w, https:\/\/www.vtc-limousine.fr\/wp-content\/uploads\/2026\/03\/1738641866992-2-16x12.jpg 16w, https:\/\/www.vtc-limousine.fr\/wp-content\/uploads\/2026\/03\/1738641866992-2-414x306.jpg 414w, https:\/\/www.vtc-limousine.fr\/wp-content\/uploads\/2026\/03\/1738641866992-2-721x533.jpg 721w, https:\/\/www.vtc-limousine.fr\/wp-content\/uploads\/2026\/03\/1738641866992-2.jpg 1884w\" sizes=\"(max-width: 800px) 100vw, 800px\" \/>\t\t\t\t\t\t\t\t\t\t\t\t\t\t\t<\/div>\n\t\t\t\t<\/div>\n\t\t\t\t<div class=\"elementor-element elementor-element-41f34a6 elementor-widget elementor-widget-image\" data-id=\"41f34a6\" data-element_type=\"widget\" data-e-type=\"widget\" data-widget_type=\"image.default\">\n\t\t\t\t<div class=\"elementor-widget-container\">\n\t\t\t\t\t\t\t\t\t\t\t\t\t\t\t<img decoding=\"async\" width=\"768\" height=\"1024\" src=\"https:\/\/www.vtc-limousine.fr\/wp-content\/uploads\/2025\/04\/1738641866787-768x1024.jpg\" class=\"attachment-large size-large wp-image-22845\" alt=\"\" srcset=\"https:\/\/www.vtc-limousine.fr\/wp-content\/uploads\/2025\/04\/1738641866787-768x1024.jpg 768w, https:\/\/www.vtc-limousine.fr\/wp-content\/uploads\/2025\/04\/1738641866787-225x300.jpg 225w, https:\/\/www.vtc-limousine.fr\/wp-content\/uploads\/2025\/04\/1738641866787-1152x1536.jpg 1152w, https:\/\/www.vtc-limousine.fr\/wp-content\/uploads\/2025\/04\/1738641866787-9x12.jpg 9w, https:\/\/www.vtc-limousine.fr\/wp-content\/uploads\/2025\/04\/1738641866787-229x306.jpg 229w, https:\/\/www.vtc-limousine.fr\/wp-content\/uploads\/2025\/04\/1738641866787-400x533.jpg 400w, https:\/\/www.vtc-limousine.fr\/wp-content\/uploads\/2025\/04\/1738641866787.jpg 1280w\" sizes=\"(max-width: 768px) 100vw, 768px\" \/>\t\t\t\t\t\t\t\t\t\t\t\t\t\t\t<\/div>\n\t\t\t\t<\/div>\n\t\t\t\t\t<\/div>\n\t\t<\/div>\n\t\t\t\t\t<\/div>\n\t\t<\/section>\n\t\t\t\t<section class=\"elementor-section elementor-top-section elementor-element elementor-element-fa885d5 elementor-section-boxed elementor-section-height-default elementor-section-height-default\" data-id=\"fa885d5\" data-element_type=\"section\" data-e-type=\"section\">\n\t\t\t\t\t\t<div class=\"elementor-container elementor-column-gap-default\">\n\t\t\t\t\t<div class=\"elementor-column elementor-col-100 elementor-top-column elementor-element elementor-element-f5328f2\" data-id=\"f5328f2\" data-element_type=\"column\" data-e-type=\"column\">\n\t\t\t<div class=\"elementor-widget-wrap\">\n\t\t\t\t\t\t\t<\/div>\n\t\t<\/div>\n\t\t\t\t\t<\/div>\n\t\t<\/section>\n\t\t\t\t<\/div>","protected":false},"excerpt":{"rendered":"<p>Transporte VIP Cannes Aix en Pce Marsella ? Class eDriver Limousine organiza sus desplazamientos con una flota de Mercedes 100% el\u00e9ctricos y Sprinter de 19 plazas. Log\u00edstica de precisi\u00f3n, coordinaci\u00f3n 24 horas y un servicio de lujo adaptado a sus eventos de prestigio.<\/p>","protected":false},"author":2,"featured_media":23607,"comment_status":"closed","ping_status":"closed","sticky":false,"template":"","format":"standard","meta":{"footnotes":""},"categories":[1],"tags":[],"class_list":["post-23587","post","type-post","status-publish","format-standard","has-post-thumbnail","hentry","category-uncategorized"],"_links":{"self":[{"href":"https:\/\/www.vtc-limousine.fr\/es\/wp-json\/wp\/v2\/posts\/23587","targetHints":{"allow":["GET"]}}],"collection":[{"href":"https:\/\/www.vtc-limousine.fr\/es\/wp-json\/wp\/v2\/posts"}],"about":[{"href":"https:\/\/www.vtc-limousine.fr\/es\/wp-json\/wp\/v2\/types\/post"}],"author":[{"embeddable":true,"href":"https:\/\/www.vtc-limousine.fr\/es\/wp-json\/wp\/v2\/users\/2"}],"replies":[{"embeddable":true,"href":"https:\/\/www.vtc-limousine.fr\/es\/wp-json\/wp\/v2\/comments?post=23587"}],"version-history":[{"count":33,"href":"https:\/\/www.vtc-limousine.fr\/es\/wp-json\/wp\/v2\/posts\/23587\/revisions"}],"predecessor-version":[{"id":23622,"href":"https:\/\/www.vtc-limousine.fr\/es\/wp-json\/wp\/v2\/posts\/23587\/revisions\/23622"}],"wp:featuredmedia":[{"embeddable":true,"href":"https:\/\/www.vtc-limousine.fr\/es\/wp-json\/wp\/v2\/media\/23607"}],"wp:attachment":[{"href":"https:\/\/www.vtc-limousine.fr\/es\/wp-json\/wp\/v2\/media?parent=23587"}],"wp:term":[{"taxonomy":"category","embeddable":true,"href":"https:\/\/www.vtc-limousine.fr\/es\/wp-json\/wp\/v2\/categories?post=23587"},{"taxonomy":"post_tag","embeddable":true,"href":"https:\/\/www.vtc-limousine.fr\/es\/wp-json\/wp\/v2\/tags?post=23587"}],"curies":[{"name":"wp","href":"https:\/\/api.w.org\/{rel}","templated":true}]}}