{"id":23561,"date":"2026-03-05T09:43:43","date_gmt":"2026-03-05T09:43:43","guid":{"rendered":"https:\/\/www.vtc-limousine.fr\/?p=23561"},"modified":"2026-03-05T09:44:28","modified_gmt":"2026-03-05T09:44:28","slug":"chofer-privado-aix-marseille-cannes-aviso","status":"publish","type":"post","link":"https:\/\/www.vtc-limousine.fr\/es\/chofer-privado-aix-marseille-cannes-aviso\/","title":{"rendered":"Chauffeur Priv\u00e9 Aix, Marseille &amp; Cannes: Class-eDriver Excellence"},"content":{"rendered":"<div data-elementor-type=\"wp-post\" data-elementor-id=\"23561\" class=\"elementor elementor-23561\" data-elementor-post-type=\"post\">\n\t\t\t\t\t\t<section class=\"elementor-section elementor-top-section elementor-element elementor-element-ff7f2cc elementor-section-boxed elementor-section-height-default elementor-section-height-default\" data-id=\"ff7f2cc\" data-element_type=\"section\" data-e-type=\"section\">\n\t\t\t\t\t\t<div class=\"elementor-container elementor-column-gap-default\">\n\t\t\t\t\t<div class=\"elementor-column elementor-col-66 elementor-top-column elementor-element elementor-element-a1d7e73\" data-id=\"a1d7e73\" data-element_type=\"column\" data-e-type=\"column\">\n\t\t\t<div class=\"elementor-widget-wrap elementor-element-populated\">\n\t\t\t\t\t\t\t<\/div>\n\t\t<\/div>\n\t\t\t\t<div class=\"elementor-column elementor-col-33 elementor-top-column elementor-element elementor-element-55636f1\" data-id=\"55636f1\" data-element_type=\"column\" data-e-type=\"column\">\n\t\t\t<div class=\"elementor-widget-wrap\">\n\t\t\t\t\t\t\t<\/div>\n\t\t<\/div>\n\t\t\t\t\t<\/div>\n\t\t<\/section>\n\t\t\t\t<section class=\"elementor-section elementor-top-section elementor-element elementor-element-a16933e elementor-section-boxed elementor-section-height-default elementor-section-height-default\" data-id=\"a16933e\" data-element_type=\"section\" data-e-type=\"section\">\n\t\t\t\t\t\t<div class=\"elementor-container elementor-column-gap-default\">\n\t\t\t\t\t<div class=\"elementor-column elementor-col-100 elementor-top-column elementor-element elementor-element-135fe3b\" data-id=\"135fe3b\" data-element_type=\"column\" data-e-type=\"column\">\n\t\t\t<div class=\"elementor-widget-wrap elementor-element-populated\">\n\t\t\t\t\t\t<div class=\"elementor-element elementor-element-c138fd7 elementor-widget elementor-widget-text-editor\" data-id=\"c138fd7\" data-element_type=\"widget\" data-e-type=\"widget\" data-widget_type=\"text-editor.default\">\n\t\t\t\t<div class=\"elementor-widget-container\">\n\t\t\t\t\t\t\t\t\t<h3>\u00bfPor qu\u00e9 elegir Class eDriver Limousine para sus viajes de negocios?<\/h3>\t\t\t\t\t\t\t\t<\/div>\n\t\t\t\t<\/div>\n\t\t\t\t\t<\/div>\n\t\t<\/div>\n\t\t\t\t\t<\/div>\n\t\t<\/section>\n\t\t\t\t<section class=\"elementor-section elementor-top-section elementor-element elementor-element-9389fc4 elementor-section-boxed elementor-section-height-default elementor-section-height-default\" data-id=\"9389fc4\" data-element_type=\"section\" data-e-type=\"section\">\n\t\t\t\t\t\t<div class=\"elementor-container elementor-column-gap-default\">\n\t\t\t\t\t<div class=\"elementor-column elementor-col-66 elementor-top-column elementor-element elementor-element-1757ccf\" data-id=\"1757ccf\" data-element_type=\"column\" data-e-type=\"column\">\n\t\t\t<div class=\"elementor-widget-wrap elementor-element-populated\">\n\t\t\t\t\t\t<div class=\"elementor-element elementor-element-4bce73c elementor-widget elementor-widget-text-editor\" data-id=\"4bce73c\" data-element_type=\"widget\" data-e-type=\"widget\" data-widget_type=\"text-editor.default\">\n\t\t\t\t<div class=\"elementor-widget-container\">\n\t\t\t\t\t\t\t\t\t<p>En el mundo del transporte de prestigio y del Chauffeur Priv\u00e9 en Provenza y en la Costa Azul, las promesas de calidad son habituales, pero la realidad sobre el terreno es la que forja una verdadera reputaci\u00f3n. En <strong>Limusina Class-eDriver<\/strong>Estamos convencidos de que nuestros pasajeros hablan mejor de nuestro servicio de atenci\u00f3n al cliente.<\/p><p>Ya se trate de un <strong>ch\u00f3fer privado para una boda en Aix-en-Provence<\/strong>un traslado de negocios a la estaci\u00f3n de TGV de Marsella Saint-Charles o instalaciones VIP para los <strong>Festival de Cannes<\/strong>Su satisfacci\u00f3n es nuestra m\u00e1xima prioridad.<\/p><hr \/><h2>Una reputaci\u00f3n basada en la confianza, de Aix-en-Provence a la Croisette<\/h2><p>Hoy en d\u00eda, la visibilidad de un servicio de transporte de alta gama ya no se limita a la mera belleza de una flota de Teslas o Mercedes Clase S. Se mide por la consistencia de la experiencia. Se mide por la coherencia de la experiencia. Por eso estamos muy atentos a sus comentarios sobre las plataformas de referencia.<\/p><h3>1. Rese\u00f1as de Google: proximidad local y capacidad de respuesta<\/h3><p>Nuestros listados locales en <strong>Aix-en-Provence y Marsella<\/strong> destacar la puntualidad de nuestros conductores y la impecable limpieza de nuestros veh\u00edculos.<\/p><blockquote><p><em>\"Una experiencia sin problemas, un conductor elegante y un viaje seguro\".<\/em><\/p><\/blockquote><p>Estos comentarios nos permiten mantenernos a la cabeza de la clasificaci\u00f3n y garantizar a los viajeros que llegan al aeropuerto de Marsella-Provenza una acogida de primera clase, muy alejada de los est\u00e1ndares de los hubs de masas.<\/p><h3>2. Trustpilot: La garant\u00eda de un servicio Premium de 5 estrellas<\/h3><p>Con una puntuaci\u00f3n de <strong>5\/5 en Trustpilot<\/strong>Class-eDriver se ha consolidado como un referente del transporte de lujo. Esta plataforma independiente valida nuestro compromiso de transformar cada viaje en un momento de serenidad. Tanto si reserva para un evento privado como para una necesidad institucional, esta distinci\u00f3n es la prueba de nuestra profesionalidad y rigor.<\/p><h3>3. Focus Cannes: las exigencias de los acontecimientos de prestigio<\/h3><p>En la Costa Azul, y en particular en <strong>Cannes<\/strong>Las expectativas de nuestros clientes est\u00e1n fuera de escala. Para conferencias (MIPIM, Cannes Lions) o el Festival de Cine, nuestros clientes aprecian nuestra discreci\u00f3n y una log\u00edstica impecable:<\/p><ul><li><strong>Traslados Niza-Cannes :<\/strong> Rapidez, comodidad y acogida personalizada.<\/li><li><strong>Instalaciones VIP :<\/strong> Una presencia elegante en la Croisette con conductores que controlan su itinerario.<\/li><\/ul><p>Las opiniones de nuestros clientes de esta zona suelen destacar nuestra capacidad para manejar el ajetreo de Cannes con calma y distinci\u00f3n.<\/p><h3>4. LinkedIn: La elecci\u00f3n de las empresas y las personalidades<\/h3><p>Visite <strong>LinkedIn<\/strong>Es nuestra experiencia empresarial la que brilla con luz propia. Altos ejecutivos y agencias de eventos recomiendan nuestra capacidad para gestionar traslados complejos. Nuestra flota eco-responsable (Tesla) es un argumento de peso para las empresas preocupadas por su impacto RSC cuando viajan entre Marsella, Niza y Cannes.<\/p><hr \/><h2>\u00bfPor qu\u00e9 sus opiniones son tan importantes para nosotros?<\/h2><p>Cada comentario dejado en <strong>Google, LinkedIn o Trustpilot<\/strong> ayuda a nuestro negocio local a destacar entre la multitud. A diferencia de las aplicaciones m\u00f3viles est\u00e1ndar, nos centramos en una relaci\u00f3n humana y duradera. Esto nos permite :<\/p><ul><li><strong>Mantener un nivel de excelencia<\/strong> para bodas de prestigio en el Luberon o en Aix.<\/li><li><strong>Aprovechar al m\u00e1ximo la experiencia de nuestros conductores<\/strong> biling\u00fce, formado en protocolo y con experiencia.<\/li><li><strong>Tranquilizar a los nuevos clientes<\/strong> que buscan un ch\u00f3fer privado fiable, puntual y discreto en Aix en Provence, Marsella, Cannes o M\u00f3naco.<\/li><\/ul><hr \/><div style=\"background-color: #f9f9f9; padding: 25px; border-radius: 8px; text-align: center; border: 1px solid #e0e0e0;\"><h3>\u00bfHa viajado con nosotros? \u00a1Su opini\u00f3n cuenta!<\/h3><p>Tus comentarios son el motor de nuestra evoluci\u00f3n. Si has disfrutado recientemente de un viaje en una de nuestras berlinas o furgonetas, comparte tu opini\u00f3n en tu plataforma favorita.<\/p><p><a style=\"background-color: #000; color: #fff; padding: 12px 25px; text-decoration: none; border-radius: 5px; display: inline-block; margin: 10px;\" href=\"https:\/\/www.vtc-limousine.fr\/es\/reserve-su-chofer-privado\/\" target=\"_blank\" rel=\"noopener\">Reservar mi ch\u00f3fer privado<\/a><br \/><a style=\"background-color: #4285f4; color: #fff; padding: 12px 25px; text-decoration: none; border-radius: 5px; display: inline-block; margin: 10px;\" href=\"https:\/\/g.page\/r\/CaUT3ziycFm1EAE\/review\" target=\"_blank\" rel=\"noopener\">Dejar una rese\u00f1a en Google<\/a><\/p><\/div>\t\t\t\t\t\t\t\t<\/div>\n\t\t\t\t<\/div>\n\t\t\t\t\t<\/div>\n\t\t<\/div>\n\t\t\t\t<div class=\"elementor-column elementor-col-33 elementor-top-column elementor-element elementor-element-3e3ac07\" data-id=\"3e3ac07\" data-element_type=\"column\" data-e-type=\"column\">\n\t\t\t<div class=\"elementor-widget-wrap elementor-element-populated\">\n\t\t\t\t\t\t<div class=\"elementor-element elementor-element-cb05240 elementor--h-position-center elementor--v-position-middle elementor-arrows-position-inside elementor-pagination-position-inside elementor-widget elementor-widget-slides\" data-id=\"cb05240\" data-element_type=\"widget\" data-e-type=\"widget\" data-settings=\"{&quot;navigation&quot;:&quot;both&quot;,&quot;autoplay&quot;:&quot;yes&quot;,&quot;pause_on_hover&quot;:&quot;yes&quot;,&quot;pause_on_interaction&quot;:&quot;yes&quot;,&quot;autoplay_speed&quot;:5000,&quot;infinite&quot;:&quot;yes&quot;,&quot;transition&quot;:&quot;slide&quot;,&quot;transition_speed&quot;:500}\" data-widget_type=\"slides.default\">\n\t\t\t\t<div class=\"elementor-widget-container\">\n\t\t\t\t\t\t\t\t\t<div class=\"elementor-swiper\">\n\t\t\t\t\t<div class=\"elementor-slides-wrapper elementor-main-swiper swiper\" role=\"region\" aria-roledescription=\"carousel\" aria-label=\"Diapositivas\" dir=\"ltr\" data-animation=\"fadeInUp\">\n\t\t\t\t<div class=\"swiper-wrapper elementor-slides\">\n\t\t\t\t\t\t\t\t\t\t<div class=\"elementor-repeater-item-a841b88 swiper-slide\" role=\"group\" aria-roledescription=\"slide\"><div class=\"swiper-slide-bg\" role=\"img\" aria-label=\"Servicio de ch\u00f3fer privado de alta gama y traslados para eventos y negocios en Provenza y la Costa Azul.\"><\/div><a class=\"swiper-slide-inner\" href=\"https:\/\/www.vtc-limousine.fr\/en\/class-edriver-limousine-premium-chauffeured-car-service\/our-fleet\/\"><div class=\"swiper-slide-contents\"><div class=\"elementor-slide-description\">Una amplia gama de veh\u00edculos Premium Mercedes y Tesla <\/div><div  class=\"elementor-button elementor-slide-button elementor-size-sm\">Nuestros veh\u00edculos<\/div><\/div><\/a><\/div>\t\t\t\t<\/div>\n\t\t\t\t\t\t\t<\/div>\n\t\t\t\t<\/div>\n\t\t\t\t\t\t\t\t<\/div>\n\t\t\t\t<\/div>\n\t\t\t\t\t<\/div>\n\t\t<\/div>\n\t\t\t\t\t<\/div>\n\t\t<\/section>\n\t\t\t\t<\/div>","protected":false},"excerpt":{"rendered":"<p>Por qu\u00e9 elegir Class eDriver Limousine para sus viajes de negocios En el mundo del transporte de prestigio y del Chauffeur Priv\u00e9 en Provenza y en la Costa Azul, las promesas de calidad son habituales, pero la realidad sobre el terreno es la que forja una verdadera reputaci\u00f3n. En Class-eDriver Limousine, estamos convencidos de que nuestro servicio al cliente es lo que [...]<\/p>","protected":false},"author":2,"featured_media":23569,"comment_status":"closed","ping_status":"closed","sticky":false,"template":"","format":"standard","meta":{"footnotes":""},"categories":[1],"tags":[],"class_list":["post-23561","post","type-post","status-publish","format-standard","has-post-thumbnail","hentry","category-uncategorized"],"_links":{"self":[{"href":"https:\/\/www.vtc-limousine.fr\/es\/wp-json\/wp\/v2\/posts\/23561","targetHints":{"allow":["GET"]}}],"collection":[{"href":"https:\/\/www.vtc-limousine.fr\/es\/wp-json\/wp\/v2\/posts"}],"about":[{"href":"https:\/\/www.vtc-limousine.fr\/es\/wp-json\/wp\/v2\/types\/post"}],"author":[{"embeddable":true,"href":"https:\/\/www.vtc-limousine.fr\/es\/wp-json\/wp\/v2\/users\/2"}],"replies":[{"embeddable":true,"href":"https:\/\/www.vtc-limousine.fr\/es\/wp-json\/wp\/v2\/comments?post=23561"}],"version-history":[{"count":23,"href":"https:\/\/www.vtc-limousine.fr\/es\/wp-json\/wp\/v2\/posts\/23561\/revisions"}],"predecessor-version":[{"id":23585,"href":"https:\/\/www.vtc-limousine.fr\/es\/wp-json\/wp\/v2\/posts\/23561\/revisions\/23585"}],"wp:featuredmedia":[{"embeddable":true,"href":"https:\/\/www.vtc-limousine.fr\/es\/wp-json\/wp\/v2\/media\/23569"}],"wp:attachment":[{"href":"https:\/\/www.vtc-limousine.fr\/es\/wp-json\/wp\/v2\/media?parent=23561"}],"wp:term":[{"taxonomy":"category","embeddable":true,"href":"https:\/\/www.vtc-limousine.fr\/es\/wp-json\/wp\/v2\/categories?post=23561"},{"taxonomy":"post_tag","embeddable":true,"href":"https:\/\/www.vtc-limousine.fr\/es\/wp-json\/wp\/v2\/tags?post=23561"}],"curies":[{"name":"wp","href":"https:\/\/api.w.org\/{rel}","templated":true}]}}