{"id":23232,"date":"2025-10-20T08:20:25","date_gmt":"2025-10-20T08:20:25","guid":{"rendered":"https:\/\/www.vtc-limousine.fr\/?p=23232"},"modified":"2025-11-07T08:40:28","modified_gmt":"2025-11-07T08:40:28","slug":"clase-edriver-limusina-aix-en-provence-mas-de-10-anos-a-su-servicio","status":"publish","type":"post","link":"https:\/\/www.vtc-limousine.fr\/es\/clase-edriver-limusina-aix-en-provence-mas-de-10-anos-a-su-servicio\/","title":{"rendered":"Chofer Privado Aix-en-Provence | Clase eDriver Limusina"},"content":{"rendered":"<div data-elementor-type=\"wp-post\" data-elementor-id=\"23232\" class=\"elementor elementor-23232\" data-elementor-post-type=\"post\">\n\t\t\t\t\t\t<section class=\"elementor-section elementor-top-section elementor-element elementor-element-ff7f2cc elementor-section-boxed elementor-section-height-default elementor-section-height-default\" data-id=\"ff7f2cc\" data-element_type=\"section\" data-e-type=\"section\">\n\t\t\t\t\t\t<div class=\"elementor-container elementor-column-gap-default\">\n\t\t\t\t\t<div class=\"elementor-column elementor-col-66 elementor-top-column elementor-element elementor-element-a1d7e73\" data-id=\"a1d7e73\" data-element_type=\"column\" data-e-type=\"column\">\n\t\t\t<div class=\"elementor-widget-wrap elementor-element-populated\">\n\t\t\t\t\t\t<div class=\"elementor-element elementor-element-6d028e1 elementor-widget elementor-widget-heading\" data-id=\"6d028e1\" data-element_type=\"widget\" data-e-type=\"widget\" data-widget_type=\"heading.default\">\n\t\t\t\t<div class=\"elementor-widget-container\">\n\t\t\t\t\t<h2 class=\"elementor-heading-title elementor-size-default\">Chofer privado en Aix-en-Provence - 10 a\u00f1os de excelencia con Class eDriver Limousine<\/h2>\t\t\t\t<\/div>\n\t\t\t\t<\/div>\n\t\t\t\t\t<\/div>\n\t\t<\/div>\n\t\t\t\t<div class=\"elementor-column elementor-col-33 elementor-top-column elementor-element elementor-element-55636f1\" data-id=\"55636f1\" data-element_type=\"column\" data-e-type=\"column\">\n\t\t\t<div class=\"elementor-widget-wrap\">\n\t\t\t\t\t\t\t<\/div>\n\t\t<\/div>\n\t\t\t\t\t<\/div>\n\t\t<\/section>\n\t\t\t\t<section class=\"elementor-section elementor-top-section elementor-element elementor-element-9389fc4 elementor-section-boxed elementor-section-height-default elementor-section-height-default\" data-id=\"9389fc4\" data-element_type=\"section\" data-e-type=\"section\">\n\t\t\t\t\t\t<div class=\"elementor-container elementor-column-gap-default\">\n\t\t\t\t\t<div class=\"elementor-column elementor-col-66 elementor-top-column elementor-element elementor-element-1757ccf\" data-id=\"1757ccf\" data-element_type=\"column\" data-e-type=\"column\">\n\t\t\t<div class=\"elementor-widget-wrap elementor-element-populated\">\n\t\t\t\t\t\t<div class=\"elementor-element elementor-element-4bce73c elementor-widget elementor-widget-text-editor\" data-id=\"4bce73c\" data-element_type=\"widget\" data-e-type=\"widget\" data-widget_type=\"text-editor.default\">\n\t\t\t\t<div class=\"elementor-widget-container\">\n\t\t\t\t\t\t\t\t\t<article><p><strong>M\u00e1s de 10 a\u00f1os de elegancia y excelencia en Aix-en-Provence.<\/strong><\/p><p data-start=\"416\" data-end=\"620\">Desde hace m\u00e1s de una d\u00e9cada, Class eDriver Limousine es el referente de la <strong data-start=\"499\" data-end=\"536\">ch\u00f3fer privado en Aix-en-Provence<\/strong>ofreciendo un servicio a medida que combina <strong data-start=\"579\" data-end=\"617\">lujo, confort y ecorresponsabilidad<\/strong>.<\/p><h3 data-start=\"622\" data-end=\"701\">Servicio de ch\u00f3fer privado de alta gama en Aix-en-Provence y Provenza<\/h3><p data-start=\"702\" data-end=\"1094\">Con sede en Aix-en-Provence, nuestra empresa ayuda a sus clientes -particulares, empresas y eventos- en todas sus necesidades de viaje. Ya se trate de un <strong data-start=\"858\" data-end=\"903\">transferencia de<a href=\"https:\/\/www.marseille.aeroport.fr\/\" target=\"_blank\" rel=\"noopener\">Aeropuerto de Marsella-Provenza<\/a><\/strong>Tanto si se trata de un desplazamiento desde la estaci\u00f3n de TGV de Aix, como de una boda o de una visita tur\u00edstica, nuestro equipo de ch\u00f3feres privados tiene el honor de garantizarle puntualidad, refinamiento y discreci\u00f3n.<\/p><h3 data-start=\"1096\" data-end=\"1175\">Una flota premium de 100 veh\u00edculos el\u00e9ctricos % para sus desplazamientos con ch\u00f3fer<\/h3><p data-start=\"1176\" data-end=\"1533\">Class eDriver Limousine apuesta por la innovaci\u00f3n y la movilidad sostenible: cada trayecto se realiza mediante <a href=\"https:\/\/www.vtc-limousine.fr\/es\/clase-edriver-limusina\/nuestros-vehiculos\/\" target=\"_blank\" rel=\"noopener\">veh\u00edculos de gama alta, <strong data-start=\"1305\" data-end=\"1326\">100 % el\u00e9ctrico<\/strong><\/a> (Tesla, Mercedes EQS, EQE, EQV) para una conducci\u00f3n silenciosa, suave y respetuosa con el medio ambiente. Optar por nuestro servicio de ch\u00f3fer privado significa elegir una experiencia refinada y responsable.<\/p><h3 data-start=\"1535\" data-end=\"1608\">Nuestros ch\u00f3feres privados: su baza para una experiencia impecable<\/h3><p data-start=\"1609\" data-end=\"1953\">Nuestros ch\u00f3feres privados no s\u00f3lo conducen. Son biling\u00fces, acostumbrados a recibir a una clientela internacional, expertos en la regi\u00f3n de Provenza y formados para anticiparse a sus necesidades. Ya sea para un viaje de negocios, un evento o una excursi\u00f3n privada, nuestros ch\u00f3feres a\u00f1aden un valor real a su viaje.<\/p><h3 data-start=\"1955\" data-end=\"2019\">\u00bfPor qu\u00e9 elegir nuestro ch\u00f3fer privado en Aix-en-Provence?<\/h3><ul data-start=\"2020\" data-end=\"2576\"><li data-start=\"2020\" data-end=\"2145\"><p data-start=\"2022\" data-end=\"2145\"><strong data-start=\"2022\" data-end=\"2055\">Disponible 24 horas al d\u00eda, 7 d\u00edas a la semana<\/strong> Puede reservar su ch\u00f3fer privado en cualquier momento, para todas sus necesidades de desplazamiento.<\/p><\/li><li data-start=\"2146\" data-end=\"2263\"><p data-start=\"2148\" data-end=\"2263\"><strong data-start=\"2148\" data-end=\"2167\">\u00c1reas cubiertas<\/strong> Aix-en-Provence, por supuesto, pero tambi\u00e9n Marsella, Avi\u00f1\u00f3n, el Luberon y todo el sureste.<\/p><\/li><li data-start=\"2264\" data-end=\"2382\"><p data-start=\"2266\" data-end=\"2382\"><strong data-start=\"2266\" data-end=\"2288\">Servicio a medida<\/strong> Le recibiremos en el aeropuerto, le enviaremos un mensaje personal, haremos un seguimiento de su vuelo y adaptaremos su viaje a sus necesidades.<\/p><\/li><li data-start=\"2383\" data-end=\"2473\"><p data-start=\"2385\" data-end=\"2473\"><strong data-start=\"2385\" data-end=\"2404\">Calidad superior<\/strong> veh\u00edculos de alta gama, limpieza impecable y una c\u00e1lida acogida.<\/p><\/li><li data-start=\"2474\" data-end=\"2576\"><p data-start=\"2476\" data-end=\"2576\"><strong data-start=\"2476\" data-end=\"2501\">Compromiso con el medio ambiente<\/strong> Flota el\u00e9ctrica, reducci\u00f3n de la huella de carbono, movilidad sostenible.<\/p><\/li><\/ul><h3 data-start=\"2578\" data-end=\"2647\">Reserve ahora su ch\u00f3fer privado en Aix-en-Provence<\/h3><p data-start=\"2648\" data-end=\"2894\">Con Class eDriver Limousine, cada viaje se convierte en una experiencia excepcional. Para reservar su <strong data-start=\"2753\" data-end=\"2790\">ch\u00f3fer privado en Aix-en-Provence<\/strong>ll\u00e1menos al <strong data-start=\"2808\" data-end=\"2832\">+33 (0)4 13 33 33 00<\/strong> o p\u00f3ngase en contacto con nosotros por correo electr\u00f3nico en <strong data-start=\"2863\" data-end=\"2891\"><a class=\"decorated-link cursor-pointer\" rel=\"noopener\" data-start=\"2865\" data-end=\"2889\">contact@class-edriver.fr<\/a><\/strong>.<\/p><\/article>\t\t\t\t\t\t\t\t<\/div>\n\t\t\t\t<\/div>\n\t\t\t\t\t<\/div>\n\t\t<\/div>\n\t\t\t\t<div class=\"elementor-column elementor-col-33 elementor-top-column elementor-element elementor-element-3e3ac07\" data-id=\"3e3ac07\" data-element_type=\"column\" data-e-type=\"column\">\n\t\t\t<div class=\"elementor-widget-wrap elementor-element-populated\">\n\t\t\t\t\t\t<div class=\"elementor-element elementor-element-cb05240 elementor--h-position-center elementor--v-position-middle elementor-arrows-position-inside elementor-pagination-position-inside elementor-widget elementor-widget-slides\" data-id=\"cb05240\" data-element_type=\"widget\" data-e-type=\"widget\" data-settings=\"{&quot;navigation&quot;:&quot;both&quot;,&quot;autoplay&quot;:&quot;yes&quot;,&quot;pause_on_hover&quot;:&quot;yes&quot;,&quot;pause_on_interaction&quot;:&quot;yes&quot;,&quot;autoplay_speed&quot;:5000,&quot;infinite&quot;:&quot;yes&quot;,&quot;transition&quot;:&quot;slide&quot;,&quot;transition_speed&quot;:500}\" data-widget_type=\"slides.default\">\n\t\t\t\t<div class=\"elementor-widget-container\">\n\t\t\t\t\t\t\t\t\t<div class=\"elementor-swiper\">\n\t\t\t\t\t<div class=\"elementor-slides-wrapper elementor-main-swiper swiper\" role=\"region\" aria-roledescription=\"carousel\" aria-label=\"Diapositivas\" dir=\"ltr\" data-animation=\"fadeInUp\">\n\t\t\t\t<div class=\"swiper-wrapper elementor-slides\">\n\t\t\t\t\t\t\t\t\t\t<div class=\"elementor-repeater-item-9582ae2 swiper-slide\" role=\"group\" aria-roledescription=\"slide\"><div class=\"swiper-slide-bg\" role=\"img\" aria-label=\"Chofer Privado Aix en Provence , Hotel le Pigonnet\"><\/div><div class=\"swiper-slide-inner\" ><div class=\"swiper-slide-contents\"><\/div><\/div><\/div><div class=\"elementor-repeater-item-a841b88 swiper-slide\" role=\"group\" aria-roledescription=\"slide\"><div class=\"swiper-slide-bg\" role=\"img\" aria-label=\"Servicio de ch\u00f3fer privado de alta gama y traslados para eventos y negocios en Provenza y la Costa Azul.\"><\/div><a class=\"swiper-slide-inner\" href=\"https:\/\/www.vtc-limousine.fr\/es\/clase-edriver-limusina\/nuestros-vehiculos\/\"><div class=\"swiper-slide-contents\"><div class=\"elementor-slide-description\">Una amplia gama de veh\u00edculos Premium Mercedes y Tesla<\/div><div  class=\"elementor-button elementor-slide-button elementor-size-sm\">Nuestros veh\u00edculos<\/div><\/div><\/a><\/div><div class=\"elementor-repeater-item-5c222c0 swiper-slide\" role=\"group\" aria-roledescription=\"slide\"><div class=\"swiper-slide-bg\" role=\"img\" aria-label=\"Ch\u00f3fer privado Cannes\"><\/div><a class=\"swiper-slide-inner\" href=\"https:\/\/www.vtc-limousine.fr\/es\/clase-edriver-limusina\/nuestros-vehiculos\/\"><div class=\"swiper-slide-contents\"><div class=\"elementor-slide-description\">Una amplia selecci\u00f3n de veh\u00edculos el\u00e9ctricos Premium Mercedes 100%<\/div><div  class=\"elementor-button elementor-slide-button elementor-size-sm\">Nuestros veh\u00edculos<\/div><\/div><\/a><\/div><div class=\"elementor-repeater-item-71f4180 swiper-slide\" role=\"group\" aria-roledescription=\"slide\"><div class=\"swiper-slide-bg\" role=\"img\" aria-label=\"Coche el\u00e9ctrico con conductor Cannes\"><\/div><a class=\"swiper-slide-inner\" href=\"https:\/\/www.vtc-limousine.fr\/es\/clase-edriver-limusina\/nuestros-vehiculos\/\"><div class=\"swiper-slide-contents\"><div class=\"elementor-slide-heading\">Nuestros veh\u00edculos<\/div><div class=\"elementor-slide-description\">Una amplia selecci\u00f3n de veh\u00edculos el\u00e9ctricos Premium Mercedes 100%<\/div><div  class=\"elementor-button elementor-slide-button elementor-size-sm\">Pulse aqu\u00ed<\/div><\/div><\/a><\/div><div class=\"elementor-repeater-item-405df3e swiper-slide\" role=\"group\" aria-roledescription=\"slide\"><div class=\"swiper-slide-bg\" role=\"img\" aria-label=\"Yachting Service Cannes\"><\/div><div class=\"swiper-slide-inner\" ><div class=\"swiper-slide-contents\"><\/div><\/div><\/div>\t\t\t\t<\/div>\n\t\t\t\t\t\t\t\t\t\t\t\t\t\t\t<div class=\"elementor-swiper-button elementor-swiper-button-prev\" role=\"button\" tabindex=\"0\" aria-label=\"Deslizamento anterior\" data-no-translation-aria-label=\"\">\n\t\t\t\t\t\t\t<i aria-hidden=\"true\" class=\"eicon-chevron-left\"><\/i>\t\t\t\t\t\t<\/div>\n\t\t\t\t\t\t<div class=\"elementor-swiper-button elementor-swiper-button-next\" role=\"button\" tabindex=\"0\" aria-label=\"Pr\u00f3ximo slide\" data-no-translation-aria-label=\"\">\n\t\t\t\t\t\t\t<i aria-hidden=\"true\" class=\"eicon-chevron-right\"><\/i>\t\t\t\t\t\t<\/div>\n\t\t\t\t\t\t\t\t\t\t\t\t\t\t\t\t<div class=\"swiper-pagination\"><\/div>\n\t\t\t\t\t\t\t\t\t\t\t\t<\/div>\n\t\t\t\t<\/div>\n\t\t\t\t\t\t\t\t<\/div>\n\t\t\t\t<\/div>\n\t\t\t\t<div class=\"elementor-element elementor-element-f91e882 elementor-widget elementor-widget-text-editor\" data-id=\"f91e882\" data-element_type=\"widget\" data-e-type=\"widget\" data-widget_type=\"text-editor.default\">\n\t\t\t\t<div class=\"elementor-widget-container\">\n\t\t\t\t\t\t\t\t\t<h3 data-start=\"137\" data-end=\"182\">Nuestros conductores, su valor a\u00f1adido<\/h3>\t\t\t\t\t\t\t\t<\/div>\n\t\t\t\t<\/div>\n\t\t\t\t<div class=\"elementor-element elementor-element-facfb6d elementor-widget elementor-widget-text-editor\" data-id=\"facfb6d\" data-element_type=\"widget\" data-e-type=\"widget\" data-widget_type=\"text-editor.default\">\n\t\t\t\t<div class=\"elementor-widget-container\">\n\t\t\t\t\t\t\t\t\t<p data-start=\"183\" data-end=\"786\">Con <strong data-start=\"188\" data-end=\"215\">Clase eDriver Limusina<\/strong>Cada viaje es una experiencia \u00fanica. <a href=\"https:\/\/www.vtc-limousine.fr\/es\/clase-edriver-limusina\/nuestros-choferes-privados\/\" target=\"_blank\" rel=\"noopener\">Nuestros ch\u00f3feres privados<\/a>Nuestros conductores puntuales, biling\u00fces y expertos no se limitan a conducir: se anticipan a sus necesidades y le ofrecen un servicio a medida. Ya sea para traslados de negocios, bodas o excursiones tur\u00edsticas, le ofrecen comodidad, discreci\u00f3n y tranquilidad. Su conocimiento de la zona y su profesionalidad convierten cada viaje en una experiencia agradable y sin complicaciones, lo que hace que sea un placer trabajar con nuestros conductores. <strong data-start=\"704\" data-end=\"728\">valor a\u00f1adido real<\/strong> para sus desplazamientos por Aix-en-Provence y la Provenza.<\/p>\t\t\t\t\t\t\t\t<\/div>\n\t\t\t\t<\/div>\n\t\t\t\t\t<\/div>\n\t\t<\/div>\n\t\t\t\t\t<\/div>\n\t\t<\/section>\n\t\t\t\t<section class=\"elementor-section elementor-top-section elementor-element elementor-element-ce491a5 elementor-section-boxed elementor-section-height-default elementor-section-height-default\" data-id=\"ce491a5\" data-element_type=\"section\" data-e-type=\"section\">\n\t\t\t\t\t\t<div class=\"elementor-container elementor-column-gap-default\">\n\t\t\t\t\t<div class=\"elementor-column elementor-col-100 elementor-top-column elementor-element elementor-element-6db17f4\" data-id=\"6db17f4\" data-element_type=\"column\" data-e-type=\"column\">\n\t\t\t<div class=\"elementor-widget-wrap\">\n\t\t\t\t\t\t\t<\/div>\n\t\t<\/div>\n\t\t\t\t\t<\/div>\n\t\t<\/section>\n\t\t\t\t<\/div>","protected":false},"excerpt":{"rendered":"<p>M\u00e1s de 10 a\u00f1os de elegancia y excelencia en Aix-en-Provence.<br \/>\nDesde hace m\u00e1s de una d\u00e9cada, Class eDriver Limousine acompa\u00f1a a sus clientes por toda la Provenza con un servicio a medida que combina lujo, confort y respeto por el medio ambiente.<\/p>","protected":false},"author":2,"featured_media":23233,"comment_status":"closed","ping_status":"closed","sticky":false,"template":"","format":"standard","meta":{"footnotes":""},"categories":[16],"tags":[],"class_list":["post-23232","post","type-post","status-publish","format-standard","has-post-thumbnail","hentry","category-actualites"],"_links":{"self":[{"href":"https:\/\/www.vtc-limousine.fr\/es\/wp-json\/wp\/v2\/posts\/23232","targetHints":{"allow":["GET"]}}],"collection":[{"href":"https:\/\/www.vtc-limousine.fr\/es\/wp-json\/wp\/v2\/posts"}],"about":[{"href":"https:\/\/www.vtc-limousine.fr\/es\/wp-json\/wp\/v2\/types\/post"}],"author":[{"embeddable":true,"href":"https:\/\/www.vtc-limousine.fr\/es\/wp-json\/wp\/v2\/users\/2"}],"replies":[{"embeddable":true,"href":"https:\/\/www.vtc-limousine.fr\/es\/wp-json\/wp\/v2\/comments?post=23232"}],"version-history":[{"count":14,"href":"https:\/\/www.vtc-limousine.fr\/es\/wp-json\/wp\/v2\/posts\/23232\/revisions"}],"predecessor-version":[{"id":23275,"href":"https:\/\/www.vtc-limousine.fr\/es\/wp-json\/wp\/v2\/posts\/23232\/revisions\/23275"}],"wp:featuredmedia":[{"embeddable":true,"href":"https:\/\/www.vtc-limousine.fr\/es\/wp-json\/wp\/v2\/media\/23233"}],"wp:attachment":[{"href":"https:\/\/www.vtc-limousine.fr\/es\/wp-json\/wp\/v2\/media?parent=23232"}],"wp:term":[{"taxonomy":"category","embeddable":true,"href":"https:\/\/www.vtc-limousine.fr\/es\/wp-json\/wp\/v2\/categories?post=23232"},{"taxonomy":"post_tag","embeddable":true,"href":"https:\/\/www.vtc-limousine.fr\/es\/wp-json\/wp\/v2\/tags?post=23232"}],"curies":[{"name":"wp","href":"https:\/\/api.w.org\/{rel}","templated":true}]}}