{"id":23161,"date":"2025-10-02T15:55:47","date_gmt":"2025-10-02T15:55:47","guid":{"rendered":"https:\/\/www.vtc-limousine.fr\/?p=23161"},"modified":"2025-10-03T07:25:15","modified_gmt":"2025-10-03T07:25:15","slug":"chofer-privado-aix-en-provence-vtc-alta-gama-con-clase-edriver-limousine","status":"publish","type":"post","link":"https:\/\/www.vtc-limousine.fr\/es\/chofer-privado-aix-en-provence-vtc-alta-gama-con-clase-edriver-limousine\/","title":{"rendered":"Ch\u00f3fer privado Aix-en-Provence - VTC de alta gama con limusina Class eDriver"},"content":{"rendered":"<div data-elementor-type=\"wp-post\" data-elementor-id=\"23161\" class=\"elementor elementor-23161\" data-elementor-post-type=\"post\">\n\t\t\t\t\t\t<section class=\"elementor-section elementor-top-section elementor-element elementor-element-ff7f2cc elementor-section-boxed elementor-section-height-default elementor-section-height-default\" data-id=\"ff7f2cc\" data-element_type=\"section\" data-e-type=\"section\">\n\t\t\t\t\t\t<div class=\"elementor-container elementor-column-gap-default\">\n\t\t\t\t\t<div class=\"elementor-column elementor-col-66 elementor-top-column elementor-element elementor-element-a1d7e73\" data-id=\"a1d7e73\" data-element_type=\"column\" data-e-type=\"column\">\n\t\t\t<div class=\"elementor-widget-wrap elementor-element-populated\">\n\t\t\t\t\t\t<div class=\"elementor-element elementor-element-6d028e1 elementor-widget elementor-widget-heading\" data-id=\"6d028e1\" data-element_type=\"widget\" data-e-type=\"widget\" data-widget_type=\"heading.default\">\n\t\t\t\t<div class=\"elementor-widget-container\">\n\t\t\t\t\t<h2 class=\"elementor-heading-title elementor-size-default\">Ch\u00f3fer privado en Aix en Provence - Un servicio de alta gama y eco-responsable<\/h2>\t\t\t\t<\/div>\n\t\t\t\t<\/div>\n\t\t\t\t\t<\/div>\n\t\t<\/div>\n\t\t\t\t<div class=\"elementor-column elementor-col-33 elementor-top-column elementor-element elementor-element-55636f1\" data-id=\"55636f1\" data-element_type=\"column\" data-e-type=\"column\">\n\t\t\t<div class=\"elementor-widget-wrap\">\n\t\t\t\t\t\t\t<\/div>\n\t\t<\/div>\n\t\t\t\t\t<\/div>\n\t\t<\/section>\n\t\t\t\t<section class=\"elementor-section elementor-top-section elementor-element elementor-element-9389fc4 elementor-section-boxed elementor-section-height-default elementor-section-height-default\" data-id=\"9389fc4\" data-element_type=\"section\" data-e-type=\"section\">\n\t\t\t\t\t\t<div class=\"elementor-container elementor-column-gap-default\">\n\t\t\t\t\t<div class=\"elementor-column elementor-col-66 elementor-top-column elementor-element elementor-element-1757ccf\" data-id=\"1757ccf\" data-element_type=\"column\" data-e-type=\"column\">\n\t\t\t<div class=\"elementor-widget-wrap elementor-element-populated\">\n\t\t\t\t\t\t<div class=\"elementor-element elementor-element-4bce73c elementor-widget elementor-widget-text-editor\" data-id=\"4bce73c\" data-element_type=\"widget\" data-e-type=\"widget\" data-widget_type=\"text-editor.default\">\n\t\t\t\t<div class=\"elementor-widget-container\">\n\t\t\t\t\t\t\t\t\t<article><h1>\ud83d\ude98 Chofer privado en Aix-en-Provence: elegancia y confort de la mano de Class eDriver Limousine.<\/h1><p><strong>Aix-en-Provence<\/strong>la perla de la Provenza, atrae tanto a viajeros de negocios como a turistas en busca de cultura y arte de vivir. En esta din\u00e1mica ciudad, la elecci\u00f3n de un <strong>ch\u00f3fer privado de alta gama<\/strong> viajar con tranquilidad. Class eDriver Limousine destaca por su servicio a medida, que combina comodidad, discreci\u00f3n y ecolog\u00eda.<\/p><h2>1. Ch\u00f3fer privado en Aix-en-Provence: comodidad y tranquilidad a diario<\/h2><p>Opte por un <strong>Premium VTC en <a href=\"https:\/\/www.aixenprovencetourism.com\/\" target=\"_blank\" rel=\"noopener\">Aix-en-Provence<\/a><\/strong>Class eDriver es mucho m\u00e1s que un viaje. A diferencia de los taxis tradicionales, Class eDriver ofrece puntualidad, comodidad y atenci\u00f3n personalizada.<\/p><ul><li>Transferencias de <strong>Estaci\u00f3n de TGV de Aix-en-Provence<\/strong><\/li><li>Lanzaderas al<strong>Aeropuerto de Marsella-Provenza<\/strong><\/li><li>Desplazamientos a hoteles, fincas y lugares de celebraci\u00f3n de eventos<\/li><\/ul><p>Nuestros conductores biling\u00fces garantizan una experiencia fluida, ideal tanto para viajeros habituales como ocasionales.<\/p><h2>2. Una flota moderna y respetuosa con el medio ambiente: lujo responsable<\/h2><p>Class eDriver cuenta con una innovadora flota de veh\u00edculos, que incluye <strong>100 % el\u00e9ctrico<\/strong> (Tesla, Mercedes EQS\/EQE\/EQV) y los recientes modelos de combusti\u00f3n de bajas emisiones.<\/p><ul><li>Silencio de conducci\u00f3n inigualable<\/li><li>Interiores espaciosos y refinados<\/li><li>Reducir la huella de carbono<\/li><\/ul><p>Una opci\u00f3n ideal para empresas y particulares que buscan combinar <em>lujo y respeto por el medio ambiente<\/em>.<\/p><h2>3. Traslados profesionales y privados en Aix-en-Provence<\/h2><h3>\u2714\ufe0f Para las empresas<\/h3><p>Los seminarios, conferencias y reuniones de negocios deben estar perfectamente organizados. Nuestros ch\u00f3feres privados garantizan traslados fiables y puntuales a los centros de conferencias y hoteles de Aix.<\/p><h3>\u2714\ufe0f Para particulares<\/h3><p>Bodas, aniversarios, veladas de gala o cenas rom\u00e1nticas: nos ocuparemos de sus desplazamientos con elegancia y discreci\u00f3n. Disponibles 24 horas al d\u00eda, 7 d\u00edas a la semana, para su total tranquilidad.<\/p><h2>4. Excursiones y turismo en Provenza con conductor<\/h2><p>Con un <strong>ch\u00f3fer privado en Aix-en-Provence<\/strong>Explore la regi\u00f3n sin las limitaciones de conducir o aparcar.<\/p><ul><li><strong>Aix-en-Provence<\/strong> Cours Mirabeau, fuentes, C\u00e9zanne.<\/li><li><strong>Sainte-Victoire<\/strong> y sus vi\u00f1edos.<\/li><li><strong>Luberon<\/strong> Gordes, Rosell\u00f3n, Lourmarin.<\/li><li><strong>Marsella y Cassis<\/strong> Puerto Viejo, Calanques.<\/li><li><strong>Costa Azul<\/strong> Cannes, Niza, M\u00f3naco.<\/li><\/ul><p>Cada circuito es <em>personalizado<\/em> seg\u00fan sus deseos de turismo de alta gama.<\/p><h2>5. \u00bfPor qu\u00e9 elegir Class eDriver Limousine en Aix-en-Provence?<\/h2><ul><li><strong>Presencia local<\/strong> y un perfecto conocimiento de la regi\u00f3n<\/li><li><strong>Conductores biling\u00fces<\/strong>experiencia y discreci\u00f3n<\/li><li><strong>Disponibilidad 24\/7<\/strong>adaptado a los horarios y eventos de los vuelos<\/li><li>Servicios tambi\u00e9n disponibles en <strong>Cannes, Lyon y Par\u00eds<\/strong><\/li><\/ul><p><em>Testimonios de clientes :<\/em><br \/>\"Servicio impecable para nuestros traslados de negocios\".<br \/>\"Excursi\u00f3n inolvidable en el Luberon con un conductor profesional\".<br \/>\"\u00a1Magn\u00edfico Tesla para nuestra boda en Aix-en-Provence!\"<\/p><h2>Conclusi\u00f3n<\/h2><p>Con <strong>Clase eDriver Limusina<\/strong>Aix-en-Provence, sus desplazamientos en Aix-en-Provence adquieren otra dimensi\u00f3n: elegancia, confort y ecolog\u00eda. Tanto si necesita un traslado al aeropuerto de Marsella, un trayecto desde la estaci\u00f3n de TGV o una excursi\u00f3n privada, nuestros ch\u00f3feres est\u00e1n a su servicio.<\/p><p><strong>\ud83d\udcf2 Reserva ahora<\/strong> su ch\u00f3fer privado en Aix-en-Provence en <a href=\"tel:+33413333300\">+33 (0)4 13 33 33 00<\/a> o en l\u00ednea en <a href=\"https:\/\/class-edriver.fr\" target=\"_blank\" rel=\"noopener\">Class-eDriver.fr<\/a>.<\/p><\/article>\t\t\t\t\t\t\t\t<\/div>\n\t\t\t\t<\/div>\n\t\t\t\t\t<\/div>\n\t\t<\/div>\n\t\t\t\t<div class=\"elementor-column elementor-col-33 elementor-top-column elementor-element elementor-element-3e3ac07\" data-id=\"3e3ac07\" data-element_type=\"column\" data-e-type=\"column\">\n\t\t\t<div class=\"elementor-widget-wrap elementor-element-populated\">\n\t\t\t\t\t\t<div class=\"elementor-element elementor-element-cb05240 elementor--h-position-center elementor--v-position-middle elementor-arrows-position-inside elementor-pagination-position-inside elementor-widget elementor-widget-slides\" data-id=\"cb05240\" data-element_type=\"widget\" data-e-type=\"widget\" data-settings=\"{&quot;navigation&quot;:&quot;both&quot;,&quot;autoplay&quot;:&quot;yes&quot;,&quot;pause_on_hover&quot;:&quot;yes&quot;,&quot;pause_on_interaction&quot;:&quot;yes&quot;,&quot;autoplay_speed&quot;:5000,&quot;infinite&quot;:&quot;yes&quot;,&quot;transition&quot;:&quot;slide&quot;,&quot;transition_speed&quot;:500}\" data-widget_type=\"slides.default\">\n\t\t\t\t<div class=\"elementor-widget-container\">\n\t\t\t\t\t\t\t\t\t<div class=\"elementor-swiper\">\n\t\t\t\t\t<div class=\"elementor-slides-wrapper elementor-main-swiper swiper\" role=\"region\" aria-roledescription=\"carousel\" aria-label=\"Diapositivas\" dir=\"ltr\" data-animation=\"fadeInUp\">\n\t\t\t\t<div class=\"swiper-wrapper elementor-slides\">\n\t\t\t\t\t\t\t\t\t\t<div class=\"elementor-repeater-item-a841b88 swiper-slide\" role=\"group\" aria-roledescription=\"slide\"><div class=\"swiper-slide-bg\" role=\"img\" aria-label=\"Servicio de ch\u00f3fer privado de alta gama y traslados para eventos y negocios en Provenza y la Costa Azul.\"><\/div><a class=\"swiper-slide-inner\" href=\"https:\/\/www.vtc-limousine.fr\/es\/clase-edriver-limusina\/nuestros-vehiculos\/\"><div class=\"swiper-slide-contents\"><div class=\"elementor-slide-description\">Una amplia gama de veh\u00edculos Premium Mercedes y Tesla<\/div><div  class=\"elementor-button elementor-slide-button elementor-size-sm\">Nuestros veh\u00edculos<\/div><\/div><\/a><\/div><div class=\"elementor-repeater-item-5c222c0 swiper-slide\" role=\"group\" aria-roledescription=\"slide\"><div class=\"swiper-slide-bg\" role=\"img\" aria-label=\"Ch\u00f3fer privado Cannes\"><\/div><a class=\"swiper-slide-inner\" href=\"https:\/\/www.vtc-limousine.fr\/es\/clase-edriver-limusina\/nuestros-vehiculos\/\"><div class=\"swiper-slide-contents\"><div class=\"elementor-slide-description\">Una amplia selecci\u00f3n de veh\u00edculos el\u00e9ctricos Premium Mercedes 100%<\/div><div  class=\"elementor-button elementor-slide-button elementor-size-sm\">Nuestros veh\u00edculos<\/div><\/div><\/a><\/div><div class=\"elementor-repeater-item-71f4180 swiper-slide\" role=\"group\" aria-roledescription=\"slide\"><div class=\"swiper-slide-bg\" role=\"img\" aria-label=\"Coche el\u00e9ctrico con conductor Cannes\"><\/div><a class=\"swiper-slide-inner\" href=\"https:\/\/www.vtc-limousine.fr\/es\/clase-edriver-limusina\/nuestros-vehiculos\/\"><div class=\"swiper-slide-contents\"><div class=\"elementor-slide-heading\">Nuestros veh\u00edculos<\/div><div class=\"elementor-slide-description\">Una amplia selecci\u00f3n de veh\u00edculos el\u00e9ctricos Premium Mercedes 100%<\/div><div  class=\"elementor-button elementor-slide-button elementor-size-sm\">Pulse aqu\u00ed<\/div><\/div><\/a><\/div><div class=\"elementor-repeater-item-405df3e swiper-slide\" role=\"group\" aria-roledescription=\"slide\"><div class=\"swiper-slide-bg\" role=\"img\" aria-label=\"Yachting Service Cannes\"><\/div><div class=\"swiper-slide-inner\" ><div class=\"swiper-slide-contents\"><\/div><\/div><\/div>\t\t\t\t<\/div>\n\t\t\t\t\t\t\t\t\t\t\t\t\t\t\t<div class=\"elementor-swiper-button elementor-swiper-button-prev\" role=\"button\" tabindex=\"0\" aria-label=\"Deslizamento anterior\" data-no-translation-aria-label=\"\">\n\t\t\t\t\t\t\t<i aria-hidden=\"true\" class=\"eicon-chevron-left\"><\/i>\t\t\t\t\t\t<\/div>\n\t\t\t\t\t\t<div class=\"elementor-swiper-button elementor-swiper-button-next\" role=\"button\" tabindex=\"0\" aria-label=\"Pr\u00f3ximo slide\" data-no-translation-aria-label=\"\">\n\t\t\t\t\t\t\t<i aria-hidden=\"true\" class=\"eicon-chevron-right\"><\/i>\t\t\t\t\t\t<\/div>\n\t\t\t\t\t\t\t\t\t\t\t\t\t\t\t\t<div class=\"swiper-pagination\"><\/div>\n\t\t\t\t\t\t\t\t\t\t\t\t<\/div>\n\t\t\t\t<\/div>\n\t\t\t\t\t\t\t\t<\/div>\n\t\t\t\t<\/div>\n\t\t\t\t<div class=\"elementor-element elementor-element-f91e882 elementor-widget elementor-widget-text-editor\" data-id=\"f91e882\" data-element_type=\"widget\" data-e-type=\"widget\" data-widget_type=\"text-editor.default\">\n\t\t\t\t<div class=\"elementor-widget-container\">\n\t\t\t\t\t\t\t\t\t<h3 data-start=\"137\" data-end=\"182\">Nuestros conductores, su valor a\u00f1adido<\/h3>\t\t\t\t\t\t\t\t<\/div>\n\t\t\t\t<\/div>\n\t\t\t\t<div class=\"elementor-element elementor-element-facfb6d elementor-widget elementor-widget-text-editor\" data-id=\"facfb6d\" data-element_type=\"widget\" data-e-type=\"widget\" data-widget_type=\"text-editor.default\">\n\t\t\t\t<div class=\"elementor-widget-container\">\n\t\t\t\t\t\t\t\t\t<p data-start=\"183\" data-end=\"786\">Con <strong data-start=\"188\" data-end=\"215\">Clase eDriver Limusina<\/strong>Cada viaje es una experiencia \u00fanica. <a href=\"https:\/\/www.vtc-limousine.fr\/es\/clase-edriver-limusina\/nuestros-choferes-privados\/\" target=\"_blank\" rel=\"noopener\">Nuestros ch\u00f3feres privados<\/a>Nuestros conductores puntuales, biling\u00fces y expertos no se limitan a conducir: se anticipan a sus necesidades y le ofrecen un servicio a medida. Ya sea para traslados de negocios, bodas o excursiones tur\u00edsticas, le ofrecen comodidad, discreci\u00f3n y tranquilidad. Su conocimiento de la zona y su profesionalidad convierten cada viaje en una experiencia agradable y sin complicaciones, lo que hace que sea un placer trabajar con nuestros conductores. <strong data-start=\"704\" data-end=\"728\">valor a\u00f1adido real<\/strong> para sus desplazamientos por Aix-en-Provence y la Provenza.<\/p>\t\t\t\t\t\t\t\t<\/div>\n\t\t\t\t<\/div>\n\t\t\t\t\t<\/div>\n\t\t<\/div>\n\t\t\t\t\t<\/div>\n\t\t<\/section>\n\t\t\t\t<section class=\"elementor-section elementor-top-section elementor-element elementor-element-ce491a5 elementor-section-boxed elementor-section-height-default elementor-section-height-default\" data-id=\"ce491a5\" data-element_type=\"section\" data-e-type=\"section\">\n\t\t\t\t\t\t<div class=\"elementor-container elementor-column-gap-default\">\n\t\t\t\t\t<div class=\"elementor-column elementor-col-100 elementor-top-column elementor-element elementor-element-6db17f4\" data-id=\"6db17f4\" data-element_type=\"column\" data-e-type=\"column\">\n\t\t\t<div class=\"elementor-widget-wrap\">\n\t\t\t\t\t\t\t<\/div>\n\t\t<\/div>\n\t\t\t\t\t<\/div>\n\t\t<\/section>\n\t\t\t\t<\/div>","protected":false},"excerpt":{"rendered":"<p>Aix-en-Provence, la perla de la Provenza, atrae tanto a los viajeros de negocios como a los turistas en busca de cultura y arte de vivir. En esta din\u00e1mica ciudad, la elecci\u00f3n de un ch\u00f3fer privado de alta gama es esencial si desea viajar con tranquilidad. Class eDriver Limousine destaca por su servicio a medida, que combina confort, discreci\u00f3n y ecolog\u00eda.<\/p>","protected":false},"author":2,"featured_media":22740,"comment_status":"closed","ping_status":"closed","sticky":false,"template":"","format":"standard","meta":{"footnotes":""},"categories":[16],"tags":[],"class_list":["post-23161","post","type-post","status-publish","format-standard","has-post-thumbnail","hentry","category-actualites"],"_links":{"self":[{"href":"https:\/\/www.vtc-limousine.fr\/es\/wp-json\/wp\/v2\/posts\/23161","targetHints":{"allow":["GET"]}}],"collection":[{"href":"https:\/\/www.vtc-limousine.fr\/es\/wp-json\/wp\/v2\/posts"}],"about":[{"href":"https:\/\/www.vtc-limousine.fr\/es\/wp-json\/wp\/v2\/types\/post"}],"author":[{"embeddable":true,"href":"https:\/\/www.vtc-limousine.fr\/es\/wp-json\/wp\/v2\/users\/2"}],"replies":[{"embeddable":true,"href":"https:\/\/www.vtc-limousine.fr\/es\/wp-json\/wp\/v2\/comments?post=23161"}],"version-history":[{"count":12,"href":"https:\/\/www.vtc-limousine.fr\/es\/wp-json\/wp\/v2\/posts\/23161\/revisions"}],"predecessor-version":[{"id":23208,"href":"https:\/\/www.vtc-limousine.fr\/es\/wp-json\/wp\/v2\/posts\/23161\/revisions\/23208"}],"wp:featuredmedia":[{"embeddable":true,"href":"https:\/\/www.vtc-limousine.fr\/es\/wp-json\/wp\/v2\/media\/22740"}],"wp:attachment":[{"href":"https:\/\/www.vtc-limousine.fr\/es\/wp-json\/wp\/v2\/media?parent=23161"}],"wp:term":[{"taxonomy":"category","embeddable":true,"href":"https:\/\/www.vtc-limousine.fr\/es\/wp-json\/wp\/v2\/categories?post=23161"},{"taxonomy":"post_tag","embeddable":true,"href":"https:\/\/www.vtc-limousine.fr\/es\/wp-json\/wp\/v2\/tags?post=23161"}],"curies":[{"name":"wp","href":"https:\/\/api.w.org\/{rel}","templated":true}]}}