{"id":19398,"date":"2023-02-27T09:21:05","date_gmt":"2023-02-27T09:21:05","guid":{"rendered":"https:\/\/www.vtc-limousine.fr\/?p=19398"},"modified":"2025-02-21T09:09:02","modified_gmt":"2025-02-21T09:09:02","slug":"chofer-privado-en-limusina-electrica-mercedes-eqs","status":"publish","type":"post","link":"https:\/\/www.vtc-limousine.fr\/es\/chofer-privado-en-limusina-electrica-mercedes-eqs\/","title":{"rendered":"Conductor privado en una limusina el\u00e9ctrica Mercedes EQS"},"content":{"rendered":"<div data-elementor-type=\"wp-post\" data-elementor-id=\"19398\" class=\"elementor elementor-19398\" data-elementor-post-type=\"post\">\n\t\t\t\t\t\t<section class=\"elementor-section elementor-top-section elementor-element elementor-element-ff7f2cc elementor-section-boxed elementor-section-height-default elementor-section-height-default\" data-id=\"ff7f2cc\" data-element_type=\"section\" data-e-type=\"section\">\n\t\t\t\t\t\t<div class=\"elementor-container elementor-column-gap-default\">\n\t\t\t\t\t<div class=\"elementor-column elementor-col-66 elementor-top-column elementor-element elementor-element-a1d7e73\" data-id=\"a1d7e73\" data-element_type=\"column\" data-e-type=\"column\">\n\t\t\t<div class=\"elementor-widget-wrap elementor-element-populated\">\n\t\t\t\t\t\t<div class=\"elementor-element elementor-element-6d028e1 elementor-widget elementor-widget-heading\" data-id=\"6d028e1\" data-element_type=\"widget\" data-e-type=\"widget\" data-widget_type=\"heading.default\">\n\t\t\t\t<div class=\"elementor-widget-container\">\n\t\t\t\t\t<h2 class=\"elementor-heading-title elementor-size-default\">\u00bfPor qu\u00e9 elegir un ch\u00f3fer privado en una limusina el\u00e9ctrica Mercedes EQS? <\/h2>\t\t\t\t<\/div>\n\t\t\t\t<\/div>\n\t\t\t\t\t<\/div>\n\t\t<\/div>\n\t\t\t\t<div class=\"elementor-column elementor-col-33 elementor-top-column elementor-element elementor-element-55636f1\" data-id=\"55636f1\" data-element_type=\"column\" data-e-type=\"column\">\n\t\t\t<div class=\"elementor-widget-wrap\">\n\t\t\t\t\t\t\t<\/div>\n\t\t<\/div>\n\t\t\t\t\t<\/div>\n\t\t<\/section>\n\t\t\t\t<section class=\"elementor-section elementor-top-section elementor-element elementor-element-a16933e elementor-section-boxed elementor-section-height-default elementor-section-height-default\" data-id=\"a16933e\" data-element_type=\"section\" data-e-type=\"section\">\n\t\t\t\t\t\t<div class=\"elementor-container elementor-column-gap-default\">\n\t\t\t\t\t<div class=\"elementor-column elementor-col-100 elementor-top-column elementor-element elementor-element-135fe3b\" data-id=\"135fe3b\" data-element_type=\"column\" data-e-type=\"column\">\n\t\t\t<div class=\"elementor-widget-wrap elementor-element-populated\">\n\t\t\t\t\t\t\t<\/div>\n\t\t<\/div>\n\t\t\t\t\t<\/div>\n\t\t<\/section>\n\t\t\t\t<section class=\"elementor-section elementor-top-section elementor-element elementor-element-9389fc4 elementor-section-boxed elementor-section-height-default elementor-section-height-default\" data-id=\"9389fc4\" data-element_type=\"section\" data-e-type=\"section\">\n\t\t\t\t\t\t<div class=\"elementor-container elementor-column-gap-default\">\n\t\t\t\t\t<div class=\"elementor-column elementor-col-66 elementor-top-column elementor-element elementor-element-1757ccf\" data-id=\"1757ccf\" data-element_type=\"column\" data-e-type=\"column\">\n\t\t\t<div class=\"elementor-widget-wrap elementor-element-populated\">\n\t\t\t\t\t\t<div class=\"elementor-element elementor-element-4bce73c elementor-widget elementor-widget-text-editor\" data-id=\"4bce73c\" data-element_type=\"widget\" data-e-type=\"widget\" data-widget_type=\"text-editor.default\">\n\t\t\t\t<div class=\"elementor-widget-container\">\n\t\t\t\t\t\t\t\t\t<p>Class-eDriver Limousine, su experto en transporte de calidad, se complace en anunciar la incorporaci\u00f3n de un nuevo Mercedes EQS Limousine el\u00e9ctrico 100% a su prestigiosa flota.<br \/><br \/>Nuestro flamante Mercedes EQS Limousine el\u00e9ctrico ya est\u00e1 disponible en alquiler con conductor para todos sus viajes de negocios o personales. Este veh\u00edculo de lujo le ofrecer\u00e1 el confort y el prestigio que se merece, al tiempo que aboga por una conducci\u00f3n responsable y sostenible gracias a su tecnolog\u00eda el\u00e9ctrica 100%.<br \/><br \/>Nuestro equipo de conductores profesionales y experimentados se encargar\u00e1 de todo, desde el trayecto hasta la gesti\u00f3n de su equipaje, para que pueda disfrutar plenamente de su viaje. Tambi\u00e9n ofrecemos excelentes tarifas y paquetes que se adaptan a sus necesidades, tanto si desea contratar un conductor para un d\u00eda como para varios.<br \/><br \/>Para reservar nuestro nuevo <a href=\"\/en\/class-edriver-limousine-premium-chauffeured-car-service\/our-fleet\/mercedes-eqs\/\" target=\"_blank\" rel=\"noopener\">Limusina el\u00e9ctrica MB EQS<\/a> con Conductor, contacte con nosotros ahora o reserve online en nuestra p\u00e1gina web. Esperamos poder ofrecerle el mejor servicio de transporte de calidad con nuestro nuevo 100% el\u00e9ctrico EQS Limusina.<br \/><br \/>En Class-eDriver Limousine, su satisfacci\u00f3n es nuestra prioridad. Conf\u00ede en nuestra experiencia para sus viajes de lujo en un <a href=\"https:\/\/www.mercedes-benz.com\/en\/vehicles\/mercedes-eq\/eqs\/\" target=\"_blank\" rel=\"noopener\">Limusina el\u00e9ctrica Mercedes EQS<\/a>contribuyendo al mismo tiempo a la protecci\u00f3n del medio ambiente.<br \/><br \/><br \/><\/p>\t\t\t\t\t\t\t\t<\/div>\n\t\t\t\t<\/div>\n\t\t\t\t\t<\/div>\n\t\t<\/div>\n\t\t\t\t<div class=\"elementor-column elementor-col-33 elementor-top-column elementor-element elementor-element-3e3ac07\" data-id=\"3e3ac07\" data-element_type=\"column\" data-e-type=\"column\">\n\t\t\t<div class=\"elementor-widget-wrap elementor-element-populated\">\n\t\t\t\t\t\t<div class=\"elementor-element elementor-element-cb05240 elementor--h-position-center elementor--v-position-middle elementor-arrows-position-inside elementor-pagination-position-inside elementor-widget elementor-widget-slides\" data-id=\"cb05240\" data-element_type=\"widget\" data-e-type=\"widget\" data-settings=\"{&quot;navigation&quot;:&quot;both&quot;,&quot;autoplay&quot;:&quot;yes&quot;,&quot;pause_on_hover&quot;:&quot;yes&quot;,&quot;pause_on_interaction&quot;:&quot;yes&quot;,&quot;autoplay_speed&quot;:5000,&quot;infinite&quot;:&quot;yes&quot;,&quot;transition&quot;:&quot;slide&quot;,&quot;transition_speed&quot;:500}\" data-widget_type=\"slides.default\">\n\t\t\t\t<div class=\"elementor-widget-container\">\n\t\t\t\t\t\t\t\t\t<div class=\"elementor-swiper\">\n\t\t\t\t\t<div class=\"elementor-slides-wrapper elementor-main-swiper swiper\" role=\"region\" aria-roledescription=\"carousel\" aria-label=\"Diapositivas\" dir=\"ltr\" data-animation=\"fadeInUp\">\n\t\t\t\t<div class=\"swiper-wrapper elementor-slides\">\n\t\t\t\t\t\t\t\t\t\t<div class=\"elementor-repeater-item-7486deb swiper-slide\" role=\"group\" aria-roledescription=\"slide\"><div class=\"swiper-slide-bg\" role=\"img\" aria-label=\"Mercedes EQS Limusina con Conductor\"><\/div><a class=\"swiper-slide-inner\" href=\"\/en\/class-edriver-limousine-premium-chauffeured-car-service\/our-fleet\/mercedes-eqs\/\"><div class=\"swiper-slide-contents\"><div  class=\"elementor-button elementor-slide-button elementor-size-sm\">M\u00e1s informaci\u00f3n <\/div><\/div><\/a><\/div><div class=\"elementor-repeater-item-a841b88 swiper-slide\" role=\"group\" aria-roledescription=\"slide\"><div class=\"swiper-slide-bg\" role=\"img\" aria-label=\"EQS Pax F\"><\/div><div class=\"swiper-slide-inner\" ><div class=\"swiper-slide-contents\"><\/div><\/div><\/div>\t\t\t\t<\/div>\n\t\t\t\t\t\t\t\t\t\t\t\t\t\t\t<div class=\"elementor-swiper-button elementor-swiper-button-prev\" role=\"button\" tabindex=\"0\" aria-label=\"\u4e0a\u4e00\u5f20\u5e7b\u706f\u7247\" data-no-translation-aria-label=\"\">\n\t\t\t\t\t\t\t<i aria-hidden=\"true\" class=\"eicon-chevron-left\"><\/i>\t\t\t\t\t\t<\/div>\n\t\t\t\t\t\t<div class=\"elementor-swiper-button elementor-swiper-button-next\" role=\"button\" tabindex=\"0\" aria-label=\"\u4e0b\u4e00\u5f20\u5e7b\u706f\u7247\" data-no-translation-aria-label=\"\">\n\t\t\t\t\t\t\t<i aria-hidden=\"true\" class=\"eicon-chevron-right\"><\/i>\t\t\t\t\t\t<\/div>\n\t\t\t\t\t\t\t\t\t\t\t\t\t\t\t\t<div class=\"swiper-pagination\"><\/div>\n\t\t\t\t\t\t\t\t\t\t\t\t<\/div>\n\t\t\t\t<\/div>\n\t\t\t\t\t\t\t\t<\/div>\n\t\t\t\t<\/div>\n\t\t\t\t\t<\/div>\n\t\t<\/div>\n\t\t\t\t\t<\/div>\n\t\t<\/section>\n\t\t\t\t<section class=\"elementor-section elementor-top-section elementor-element elementor-element-9ba6e9e elementor-section-boxed elementor-section-height-default elementor-section-height-default\" data-id=\"9ba6e9e\" data-element_type=\"section\" data-e-type=\"section\">\n\t\t\t\t\t\t<div class=\"elementor-container elementor-column-gap-default\">\n\t\t\t\t\t<div class=\"elementor-column elementor-col-100 elementor-top-column elementor-element elementor-element-86addb4\" data-id=\"86addb4\" data-element_type=\"column\" data-e-type=\"column\">\n\t\t\t<div class=\"elementor-widget-wrap elementor-element-populated\">\n\t\t\t\t\t\t<div class=\"elementor-element elementor-element-1533b94 elementor-widget elementor-widget-image\" data-id=\"1533b94\" data-element_type=\"widget\" data-e-type=\"widget\" data-widget_type=\"image.default\">\n\t\t\t\t<div class=\"elementor-widget-container\">\n\t\t\t\t\t\t\t\t\t\t\t\t\t\t\t<img fetchpriority=\"high\" decoding=\"async\" width=\"768\" height=\"292\" src=\"https:\/\/www.vtc-limousine.fr\/wp-content\/uploads\/2022\/11\/Chauffeur-HDC-copie-2-768x292.jpg\" class=\"attachment-medium_large size-medium_large wp-image-18745\" alt=\"Ch\u00f3fer privado Festival de Cannes\" srcset=\"https:\/\/www.vtc-limousine.fr\/wp-content\/uploads\/2022\/11\/Chauffeur-HDC-copie-2-768x292.jpg 768w, https:\/\/www.vtc-limousine.fr\/wp-content\/uploads\/2022\/11\/Chauffeur-HDC-copie-2-300x114.jpg 300w, https:\/\/www.vtc-limousine.fr\/wp-content\/uploads\/2022\/11\/Chauffeur-HDC-copie-2-1024x390.jpg 1024w, https:\/\/www.vtc-limousine.fr\/wp-content\/uploads\/2022\/11\/Chauffeur-HDC-copie-2-1536x585.jpg 1536w, https:\/\/www.vtc-limousine.fr\/wp-content\/uploads\/2022\/11\/Chauffeur-HDC-copie-2-scaled.jpg 2048w\" sizes=\"(max-width: 768px) 100vw, 768px\" \/>\t\t\t\t\t\t\t\t\t\t\t\t\t\t\t<\/div>\n\t\t\t\t<\/div>\n\t\t\t\t\t<\/div>\n\t\t<\/div>\n\t\t\t\t\t<\/div>\n\t\t<\/section>\n\t\t\t\t<\/div>","protected":false},"excerpt":{"rendered":"<p>\u00bfPor qu\u00e9 elegir un ch\u00f3fer privado en una limusina el\u00e9ctrica Mercedes EQS? Class-eDriver Limousine, su experto en transporte de calidad, se complace en anunciar la incorporaci\u00f3n de un nuevo Mercedes EQS Limousine el\u00e9ctrico 100% a su prestigiosa flota. Nuestro nuevo Mercedes EQS Limousine el\u00e9ctrico est\u00e1 ahora disponible para alquiler con conductor para todos sus negocios o [...]<\/p>","protected":false},"author":2,"featured_media":19404,"comment_status":"closed","ping_status":"closed","sticky":false,"template":"","format":"standard","meta":{"footnotes":""},"categories":[138],"tags":[],"class_list":["post-19398","post","type-post","status-publish","format-standard","has-post-thumbnail","hentry","category-uncategorized"],"_links":{"self":[{"href":"https:\/\/www.vtc-limousine.fr\/es\/wp-json\/wp\/v2\/posts\/19398","targetHints":{"allow":["GET"]}}],"collection":[{"href":"https:\/\/www.vtc-limousine.fr\/es\/wp-json\/wp\/v2\/posts"}],"about":[{"href":"https:\/\/www.vtc-limousine.fr\/es\/wp-json\/wp\/v2\/types\/post"}],"author":[{"embeddable":true,"href":"https:\/\/www.vtc-limousine.fr\/es\/wp-json\/wp\/v2\/users\/2"}],"replies":[{"embeddable":true,"href":"https:\/\/www.vtc-limousine.fr\/es\/wp-json\/wp\/v2\/comments?post=19398"}],"version-history":[{"count":7,"href":"https:\/\/www.vtc-limousine.fr\/es\/wp-json\/wp\/v2\/posts\/19398\/revisions"}],"predecessor-version":[{"id":21934,"href":"https:\/\/www.vtc-limousine.fr\/es\/wp-json\/wp\/v2\/posts\/19398\/revisions\/21934"}],"wp:featuredmedia":[{"embeddable":true,"href":"https:\/\/www.vtc-limousine.fr\/es\/wp-json\/wp\/v2\/media\/19404"}],"wp:attachment":[{"href":"https:\/\/www.vtc-limousine.fr\/es\/wp-json\/wp\/v2\/media?parent=19398"}],"wp:term":[{"taxonomy":"category","embeddable":true,"href":"https:\/\/www.vtc-limousine.fr\/es\/wp-json\/wp\/v2\/categories?post=19398"},{"taxonomy":"post_tag","embeddable":true,"href":"https:\/\/www.vtc-limousine.fr\/es\/wp-json\/wp\/v2\/tags?post=19398"}],"curies":[{"name":"wp","href":"https:\/\/api.w.org\/{rel}","templated":true}]}}